{"id":3130,"date":"2012-12-20T03:44:28","date_gmt":"2012-12-20T08:44:28","guid":{"rendered":"https:\/\/ariannerelocation.com\/?p=3130"},"modified":"2018-06-01T11:44:04","modified_gmt":"2018-06-01T11:44:04","slug":"les-bases-de-la-relocalisation-professionnelle-au-canada","status":"publish","type":"post","link":"https:\/\/www.ariannerelocation.com\/fr\/les-bases-de-la-relocalisation-professionnelle-au-canada\/","title":{"rendered":"Les bases de la relocalisation professionnelle au Canada"},"content":{"rendered":"<p>La relocalisation professionnelle au Canada convient id\u00e9alement aux entrepreneurs, professionnels et investisseurs, offrant non seulement de nombreuses opportunit\u00e9s, mais \u00e9galement la possibilit\u00e9 d&rsquo;engager un personnel comp\u00e9tent et performant. La main d&rsquo;\u0153uvre Canadienne est r\u00e9put\u00e9e instruite et hautement qualifi\u00e9e. On attribue g\u00e9n\u00e9ralement ce niveau d\u2019excellence au fait que le secteur Canadien des entreprises ait une influence significative sur les m\u00e9thodes d\u2019enseignement \u00e0 l\u2019universit\u00e9 et au sein des instituts techniques. En effet, tout est mis en \u0153uvre pour inculquer aux \u00e9tudiants, d\u2019une part des savoir fondamentaux et des connaissances th\u00e9oriques pouss\u00e9es dans leurs domaines de formation, mais aussi une connaissance approfondie du march\u00e9\u00a0du travail, afin que ces derniers puissent s\u2019y int\u00e9grer id\u00e9alement une fois dipl\u00f4m\u00e9s. Par ailleurs, le gouvernement Canadien met tout en \u0153uvre pour encourager les entrepreneurs \u00e9trangers \u00e0 poursuivre leur relocalisation vers le Canada.<\/p>\n<p>Ce que vous devez savoir \u00e0 propos de la relocalisation des entreprises:<\/p>\n<p>&#8211; La signature d\u2019un contrat vous engage. Tout contrat est reconnu par les tribunaux Canadiens. Ces derniers sont r\u00e9gis par la \u2018Common Law\u2019 et ses lois, \u00e0 l\u2019exception du Qu\u00e9bec, o\u00f9 ils sont r\u00e9gis par le Code civil.<\/p>\n<p>&#8211; Droit du travail et relations de travail sont partag\u00e9s entre les gouvernements f\u00e9d\u00e9raux et provinciaux.<\/p>\n<p>\u25e6 Au niveau f\u00e9d\u00e9ral: Secteurs \u00e9conomiques (banque, par exemple, des \u00e9missions, de la communication, transport)<\/p>\n<p>\u25e6 Au niveau provincial: Tous les autres domaines (par exemple, la sant\u00e9, l&rsquo;\u00e9ducation, l&rsquo;industrie des services, production et manufacture)<\/p>\n<p>&#8211; 30% de la main-d&rsquo;\u0153uvre est syndiqu\u00e9e et des conventions collectives sont conclues entre l&#8217;employeur et le syndicat, et non \u00e0 l\u2019\u00e9chelle r\u00e9gionale ou nationale.<\/p>\n<p>\u25e6 Fait unique au Canada, le \u00abretard d&rsquo;arr\u00eat de travail\u00bb, stipule que certaines mesures doivent \u00eatre prises avant qu&rsquo;une gr\u00e8ve puisse \u00eatre enclench\u00e9e. Ceci afin de m\u00e9nager une p\u00e9riode de n\u00e9gociations &#8211; cooling off &#8211; (entre les travailleurs et leurs employeurs) qui permet de limiter les arr\u00eats de travail.<\/p>\n<p>Le salaire minimum au Canada pour les travailleurs exp\u00e9riment\u00e9s varie entre 9,40 $ et 11,00 $ de l\u2019heure selon la province.<\/p>\n<p>&#8211; Il est recommand\u00e9 de s\u2019attacher les services d&rsquo;un courtier agr\u00e9\u00e9 lors de l&rsquo;achat d&rsquo;une entreprise existante.<\/p>\n<p>&#8211; L&rsquo;assistance d&rsquo;un avocat sp\u00e9cialis\u00e9 en immigration d&rsquo;affaires vous aidera \u00e0 relocaliser votre entreprise, sans rien manquer des informations ou documents importants. (Toujours faire la demande par \u00e9crit, prenez le temps de chercher l\u2019avocat dont les comp\u00e9tences correspondent le mieux \u00e0 vos besoins, renseignez vous sur ses r\u00e9f\u00e9rences)<\/p>\n<p>\u00c9tapes \u00e0 suivre pour la relocalisation d\u2019une entreprise au Canada:<\/p>\n<p>1. D\u00e9terminez si vous souhaitez acheter une entreprise \u00e9tablie\/franchise ou d\u00e9marrer un nouveau business.<\/p>\n<p>2. Postulez pour le bon type de visa de travail au Canada pour votre transfert d&rsquo;\u00e9tablissement vers le Canada.<\/p>\n<p>3. Etablissez et enregistrez le nom de votre soci\u00e9t\u00e9, par le biais de votre municipalit\u00e9 (notez que vous devrez inscrire votre entreprise dans chaque province)<\/p>\n<p>Pour plus d&rsquo;informations sur la relocalisation des entreprises au Canada, consultez l\u2019article du blog d\u2019ARIANNE concernant les visas pour Relocation d\u2019affaires au Canada.<\/p>\n<p><a rel=\"attachment wp-att-3194\" target=\"_blank\" href=\"https:\/\/ariannerelocation.com\/fr\/theme\/entreprise\/les-bases-de-la-relocalisation-professionnelle-au-canada\/attachment\/capture-d%e2%80%99ecran-2012-11-01-a-19-17-40-6\/\"><img decoding=\"async\" class=\"alignnone size-full wp-image-12569\" title=\"Capture d\u2019\u00e9cran 2012-11-01 \u00e0 19.17.40\" src=\"https:\/\/ariannerelocation.com\/wp-content\/uploads\/2012\/12\/Capture-d\u2019\u00e9cran-2012-11-01-\u00e0-19.17.40.png\" alt=\"\" width=\"258\" height=\"224\" srcset=\"https:\/\/ariannerelocation.com\/wp-content\/uploads\/2012\/12\/Capture-d\u2019\u00e9cran-2012-11-01-\u00e0-19.17.40-200x174.png 200w, https:\/\/ariannerelocation.com\/wp-content\/uploads\/2012\/12\/Capture-d\u2019\u00e9cran-2012-11-01-\u00e0-19.17.40.png 258w\" sizes=\"(max-width: 258px) 100vw, 258px\" \/><\/a><\/p>\n<p>Cr\u00e9dit photo: <a target=\"_blank\" href=\"http:\/\/www.freedigitalphotos.net\/images\/Success_g402-3d_Figure_Playing_Jigsaw_Puzzle_p57077.html\">freedigitalphotos.net<\/a><strong> <\/strong><\/p>\n","protected":false},"excerpt":{"rendered":"<p>La relocalisation professionnelle au Canada convient id\u00e9alement aux entrepreneurs, professionnels et investisseurs, offrant non seulement de nombreuses opportunit\u00e9s, mais \u00e9galement la possibilit\u00e9 d&rsquo;engager un personnel comp\u00e9tent et performant. La main d&rsquo;\u0153uvre Canadienne est r\u00e9put\u00e9e instruite et hautement qualifi\u00e9e. On attribue g\u00e9n\u00e9ralement ce niveau d\u2019excellence au fait que le secteur Canadien des entreprises ait une influence  [&#8230;]<\/p>\n","protected":false},"author":6,"featured_media":16411,"comment_status":"open","ping_status":"open","sticky":false,"template":"","format":"standard","meta":{"_acf_changed":false,"pmpro_default_level":"","footnotes":""},"categories":[16],"tags":[],"class_list":["post-3130","post","type-post","status-publish","format-standard","has-post-thumbnail","hentry","category-entreprise","pmpro-has-access"],"acf":[],"yoast_head":"<!-- This site is optimized with the Yoast SEO plugin v27.5 - https:\/\/yoast.com\/product\/yoast-seo-wordpress\/ -->\n<title>Les bases de la relocalisation professionnelle au Canada - ARIANNE Relocalisation<\/title>\n<meta name=\"robots\" content=\"index, follow, max-snippet:-1, max-image-preview:large, max-video-preview:-1\" \/>\n<link rel=\"canonical\" href=\"https:\/\/www.ariannerelocation.com\/fr\/les-bases-de-la-relocalisation-professionnelle-au-canada\/\" \/>\n<meta property=\"og:locale\" content=\"fr_FR\" \/>\n<meta property=\"og:type\" content=\"article\" \/>\n<meta property=\"og:title\" content=\"Les bases de la relocalisation professionnelle au Canada - ARIANNE Relocalisation\" \/>\n<meta property=\"og:description\" content=\"La relocalisation professionnelle au Canada convient id\u00e9alement aux entrepreneurs, professionnels et investisseurs, offrant non seulement de nombreuses opportunit\u00e9s, mais \u00e9galement la possibilit\u00e9 d&rsquo;engager un personnel comp\u00e9tent et performant. La main d&rsquo;\u0153uvre Canadienne est r\u00e9put\u00e9e instruite et hautement qualifi\u00e9e. On attribue g\u00e9n\u00e9ralement ce niveau d\u2019excellence au fait que le secteur Canadien des entreprises ait une influence [...]\" \/>\n<meta property=\"og:url\" content=\"https:\/\/www.ariannerelocation.com\/fr\/les-bases-de-la-relocalisation-professionnelle-au-canada\/\" \/>\n<meta property=\"og:site_name\" content=\"ARIANNE Relocalisation\" \/>\n<meta property=\"article:publisher\" content=\"https:\/\/www.facebook.com\/ariannerelocation\/\" \/>\n<meta property=\"article:published_time\" content=\"2012-12-20T08:44:28+00:00\" \/>\n<meta property=\"article:modified_time\" content=\"2018-06-01T11:44:04+00:00\" \/>\n<meta property=\"og:image\" content=\"https:\/\/ariannerelocation.com\/wp-content\/uploads\/2017\/10\/Canadian-citizenship.jpg\" \/>\n\t<meta property=\"og:image:width\" content=\"1024\" \/>\n\t<meta property=\"og:image:height\" content=\"680\" \/>\n\t<meta property=\"og:image:type\" content=\"image\/jpeg\" \/>\n<meta name=\"author\" content=\"Manon Dumas\" \/>\n<meta name=\"twitter:card\" content=\"summary_large_image\" \/>\n<meta name=\"twitter:label1\" content=\"\u00c9crit par\" \/>\n\t<meta name=\"twitter:data1\" content=\"Manon Dumas\" \/>\n\t<meta name=\"twitter:label2\" content=\"Dur\u00e9e de lecture estim\u00e9e\" \/>\n\t<meta name=\"twitter:data2\" content=\"3 minutes\" \/>\n<script type=\"application\/ld+json\" class=\"yoast-schema-graph\">{\"@context\":\"https:\\\/\\\/schema.org\",\"@graph\":[{\"@type\":\"Article\",\"@id\":\"https:\\\/\\\/www.ariannerelocation.com\\\/fr\\\/les-bases-de-la-relocalisation-professionnelle-au-canada\\\/#article\",\"isPartOf\":{\"@id\":\"https:\\\/\\\/www.ariannerelocation.com\\\/fr\\\/les-bases-de-la-relocalisation-professionnelle-au-canada\\\/\"},\"author\":{\"name\":\"Manon Dumas\",\"@id\":\"https:\\\/\\\/www.ariannerelocation.com\\\/fr\\\/#\\\/schema\\\/person\\\/9742514ae438fea64e9d1ff33296ccc8\"},\"headline\":\"Les bases de la relocalisation professionnelle au Canada\",\"datePublished\":\"2012-12-20T08:44:28+00:00\",\"dateModified\":\"2018-06-01T11:44:04+00:00\",\"mainEntityOfPage\":{\"@id\":\"https:\\\/\\\/www.ariannerelocation.com\\\/fr\\\/les-bases-de-la-relocalisation-professionnelle-au-canada\\\/\"},\"wordCount\":553,\"commentCount\":0,\"image\":{\"@id\":\"https:\\\/\\\/www.ariannerelocation.com\\\/fr\\\/les-bases-de-la-relocalisation-professionnelle-au-canada\\\/#primaryimage\"},\"thumbnailUrl\":\"https:\\\/\\\/ariannerelocation.com\\\/wp-content\\\/uploads\\\/2017\\\/10\\\/Canadian-citizenship.jpg\",\"articleSection\":[\"Entreprise\"],\"inLanguage\":\"fr-FR\",\"potentialAction\":[{\"@type\":\"CommentAction\",\"name\":\"Comment\",\"target\":[\"https:\\\/\\\/www.ariannerelocation.com\\\/fr\\\/les-bases-de-la-relocalisation-professionnelle-au-canada\\\/#respond\"]}]},{\"@type\":\"WebPage\",\"@id\":\"https:\\\/\\\/www.ariannerelocation.com\\\/fr\\\/les-bases-de-la-relocalisation-professionnelle-au-canada\\\/\",\"url\":\"https:\\\/\\\/www.ariannerelocation.com\\\/fr\\\/les-bases-de-la-relocalisation-professionnelle-au-canada\\\/\",\"name\":\"Les bases de la relocalisation professionnelle au Canada - ARIANNE Relocalisation\",\"isPartOf\":{\"@id\":\"https:\\\/\\\/www.ariannerelocation.com\\\/fr\\\/#website\"},\"primaryImageOfPage\":{\"@id\":\"https:\\\/\\\/www.ariannerelocation.com\\\/fr\\\/les-bases-de-la-relocalisation-professionnelle-au-canada\\\/#primaryimage\"},\"image\":{\"@id\":\"https:\\\/\\\/www.ariannerelocation.com\\\/fr\\\/les-bases-de-la-relocalisation-professionnelle-au-canada\\\/#primaryimage\"},\"thumbnailUrl\":\"https:\\\/\\\/ariannerelocation.com\\\/wp-content\\\/uploads\\\/2017\\\/10\\\/Canadian-citizenship.jpg\",\"datePublished\":\"2012-12-20T08:44:28+00:00\",\"dateModified\":\"2018-06-01T11:44:04+00:00\",\"author\":{\"@id\":\"https:\\\/\\\/www.ariannerelocation.com\\\/fr\\\/#\\\/schema\\\/person\\\/9742514ae438fea64e9d1ff33296ccc8\"},\"breadcrumb\":{\"@id\":\"https:\\\/\\\/www.ariannerelocation.com\\\/fr\\\/les-bases-de-la-relocalisation-professionnelle-au-canada\\\/#breadcrumb\"},\"inLanguage\":\"fr-FR\",\"potentialAction\":[{\"@type\":\"ReadAction\",\"target\":[\"https:\\\/\\\/www.ariannerelocation.com\\\/fr\\\/les-bases-de-la-relocalisation-professionnelle-au-canada\\\/\"]}]},{\"@type\":\"ImageObject\",\"inLanguage\":\"fr-FR\",\"@id\":\"https:\\\/\\\/www.ariannerelocation.com\\\/fr\\\/les-bases-de-la-relocalisation-professionnelle-au-canada\\\/#primaryimage\",\"url\":\"https:\\\/\\\/ariannerelocation.com\\\/wp-content\\\/uploads\\\/2017\\\/10\\\/Canadian-citizenship.jpg\",\"contentUrl\":\"https:\\\/\\\/ariannerelocation.com\\\/wp-content\\\/uploads\\\/2017\\\/10\\\/Canadian-citizenship.jpg\",\"width\":1024,\"height\":680},{\"@type\":\"BreadcrumbList\",\"@id\":\"https:\\\/\\\/www.ariannerelocation.com\\\/fr\\\/les-bases-de-la-relocalisation-professionnelle-au-canada\\\/#breadcrumb\",\"itemListElement\":[{\"@type\":\"ListItem\",\"position\":1,\"name\":\"Home\",\"item\":\"https:\\\/\\\/www.ariannerelocation.com\\\/fr\\\/\"},{\"@type\":\"ListItem\",\"position\":2,\"name\":\"Les bases de la relocalisation professionnelle au Canada\"}]},{\"@type\":\"WebSite\",\"@id\":\"https:\\\/\\\/www.ariannerelocation.com\\\/fr\\\/#website\",\"url\":\"https:\\\/\\\/www.ariannerelocation.com\\\/fr\\\/\",\"name\":\"ARIANNE Relocalisation\",\"description\":\"Relocation guides and services for people moving to Canada\",\"potentialAction\":[{\"@type\":\"SearchAction\",\"target\":{\"@type\":\"EntryPoint\",\"urlTemplate\":\"https:\\\/\\\/www.ariannerelocation.com\\\/fr\\\/?s={search_term_string}\"},\"query-input\":{\"@type\":\"PropertyValueSpecification\",\"valueRequired\":true,\"valueName\":\"search_term_string\"}}],\"inLanguage\":\"fr-FR\"},{\"@type\":\"Person\",\"@id\":\"https:\\\/\\\/www.ariannerelocation.com\\\/fr\\\/#\\\/schema\\\/person\\\/9742514ae438fea64e9d1ff33296ccc8\",\"name\":\"Manon Dumas\",\"description\":\"Manon Dumas est la fondatrice d'ARIANNE Relocation Canada, cr\u00e9\u00e9e en 1997 pour aider les familles, les cadres et les professionnels mobiles \u00e0 l'\u00e9chelle mondiale qui s'installent \u00e0 Montr\u00e9al et partout au Canada. Forte de pr\u00e8s de trois d\u00e9cennies d'exp\u00e9rience pratique, elle conseille ses clients sur la strat\u00e9gie de logement, le choix du quartier, la scolarisation et les r\u00e9alit\u00e9s pratiques d'une installation r\u00e9ussie dans une nouvelle ville ou un nouveau pays. Son travail se situe \u00e0 la crois\u00e9e de la relocalisation et du conseil immobilier. Manon aide ses clients \u00e0 comprendre non seulement comment d\u00e9m\u00e9nager, mais aussi o\u00f9 vivre, comment \u00e9valuer les quartiers et comment prendre des d\u00e9cisions \u00e9clair\u00e9es en mati\u00e8re de logement, en fonction de leur mode de vie, de leur calendrier et de leurs objectifs \u00e0 long terme. Elle est r\u00e9put\u00e9e pour ses conseils clairs et r\u00e9fl\u00e9chis et sa connaissance approfondie du march\u00e9 immobilier et de la relocalisation au Canada. Pour toute demande de renseignements, vous pouvez la contacter \u00e0 l'adresse manon@ariannerelocation.com. _______________________________________________________________________________________________________ Manon Dumas is the founder of ARIANNE Relocation Canada, established in 1997 to support families, executives, and globally mobile professionals relocating to Montreal and across Canada. With nearly three decades of hands-on experience, she advises clients on housing strategy, neighbourhood selection, schooling, and the practical realities of settling successfully in a new city or country. Her work sits at the intersection of relocation and real estate advisory. Manon helps clients understand not only how to move, but where to live, how to evaluate neighbourhoods, and how to make informed housing decisions aligned with their lifestyle, timeline, and long-term objectives. She is known for her clear, thoughtful guidance and her deep understanding of the Canadian relocation and real estate landscape. For inquiries, she can be reached at manon@ariannerelocation.com\",\"sameAs\":[\"https:\\\/\\\/ariannerelocation.com\"],\"url\":\"https:\\\/\\\/www.ariannerelocation.com\\\/fr\\\/author\\\/manon\\\/\"}]}<\/script>\n<!-- \/ Yoast SEO plugin. -->","yoast_head_json":{"title":"Les bases de la relocalisation professionnelle au Canada - ARIANNE Relocalisation","robots":{"index":"index","follow":"follow","max-snippet":"max-snippet:-1","max-image-preview":"max-image-preview:large","max-video-preview":"max-video-preview:-1"},"canonical":"https:\/\/www.ariannerelocation.com\/fr\/les-bases-de-la-relocalisation-professionnelle-au-canada\/","og_locale":"fr_FR","og_type":"article","og_title":"Les bases de la relocalisation professionnelle au Canada - ARIANNE Relocalisation","og_description":"La relocalisation professionnelle au Canada convient id\u00e9alement aux entrepreneurs, professionnels et investisseurs, offrant non seulement de nombreuses opportunit\u00e9s, mais \u00e9galement la possibilit\u00e9 d&rsquo;engager un personnel comp\u00e9tent et performant. La main d&rsquo;\u0153uvre Canadienne est r\u00e9put\u00e9e instruite et hautement qualifi\u00e9e. On attribue g\u00e9n\u00e9ralement ce niveau d\u2019excellence au fait que le secteur Canadien des entreprises ait une influence [...]","og_url":"https:\/\/www.ariannerelocation.com\/fr\/les-bases-de-la-relocalisation-professionnelle-au-canada\/","og_site_name":"ARIANNE Relocalisation","article_publisher":"https:\/\/www.facebook.com\/ariannerelocation\/","article_published_time":"2012-12-20T08:44:28+00:00","article_modified_time":"2018-06-01T11:44:04+00:00","og_image":[{"width":1024,"height":680,"url":"https:\/\/ariannerelocation.com\/wp-content\/uploads\/2017\/10\/Canadian-citizenship.jpg","type":"image\/jpeg"}],"author":"Manon Dumas","twitter_card":"summary_large_image","twitter_misc":{"\u00c9crit par":"Manon Dumas","Dur\u00e9e de lecture estim\u00e9e":"3 minutes"},"schema":{"@context":"https:\/\/schema.org","@graph":[{"@type":"Article","@id":"https:\/\/www.ariannerelocation.com\/fr\/les-bases-de-la-relocalisation-professionnelle-au-canada\/#article","isPartOf":{"@id":"https:\/\/www.ariannerelocation.com\/fr\/les-bases-de-la-relocalisation-professionnelle-au-canada\/"},"author":{"name":"Manon Dumas","@id":"https:\/\/www.ariannerelocation.com\/fr\/#\/schema\/person\/9742514ae438fea64e9d1ff33296ccc8"},"headline":"Les bases de la relocalisation professionnelle au Canada","datePublished":"2012-12-20T08:44:28+00:00","dateModified":"2018-06-01T11:44:04+00:00","mainEntityOfPage":{"@id":"https:\/\/www.ariannerelocation.com\/fr\/les-bases-de-la-relocalisation-professionnelle-au-canada\/"},"wordCount":553,"commentCount":0,"image":{"@id":"https:\/\/www.ariannerelocation.com\/fr\/les-bases-de-la-relocalisation-professionnelle-au-canada\/#primaryimage"},"thumbnailUrl":"https:\/\/ariannerelocation.com\/wp-content\/uploads\/2017\/10\/Canadian-citizenship.jpg","articleSection":["Entreprise"],"inLanguage":"fr-FR","potentialAction":[{"@type":"CommentAction","name":"Comment","target":["https:\/\/www.ariannerelocation.com\/fr\/les-bases-de-la-relocalisation-professionnelle-au-canada\/#respond"]}]},{"@type":"WebPage","@id":"https:\/\/www.ariannerelocation.com\/fr\/les-bases-de-la-relocalisation-professionnelle-au-canada\/","url":"https:\/\/www.ariannerelocation.com\/fr\/les-bases-de-la-relocalisation-professionnelle-au-canada\/","name":"Les bases de la relocalisation professionnelle au Canada - ARIANNE Relocalisation","isPartOf":{"@id":"https:\/\/www.ariannerelocation.com\/fr\/#website"},"primaryImageOfPage":{"@id":"https:\/\/www.ariannerelocation.com\/fr\/les-bases-de-la-relocalisation-professionnelle-au-canada\/#primaryimage"},"image":{"@id":"https:\/\/www.ariannerelocation.com\/fr\/les-bases-de-la-relocalisation-professionnelle-au-canada\/#primaryimage"},"thumbnailUrl":"https:\/\/ariannerelocation.com\/wp-content\/uploads\/2017\/10\/Canadian-citizenship.jpg","datePublished":"2012-12-20T08:44:28+00:00","dateModified":"2018-06-01T11:44:04+00:00","author":{"@id":"https:\/\/www.ariannerelocation.com\/fr\/#\/schema\/person\/9742514ae438fea64e9d1ff33296ccc8"},"breadcrumb":{"@id":"https:\/\/www.ariannerelocation.com\/fr\/les-bases-de-la-relocalisation-professionnelle-au-canada\/#breadcrumb"},"inLanguage":"fr-FR","potentialAction":[{"@type":"ReadAction","target":["https:\/\/www.ariannerelocation.com\/fr\/les-bases-de-la-relocalisation-professionnelle-au-canada\/"]}]},{"@type":"ImageObject","inLanguage":"fr-FR","@id":"https:\/\/www.ariannerelocation.com\/fr\/les-bases-de-la-relocalisation-professionnelle-au-canada\/#primaryimage","url":"https:\/\/ariannerelocation.com\/wp-content\/uploads\/2017\/10\/Canadian-citizenship.jpg","contentUrl":"https:\/\/ariannerelocation.com\/wp-content\/uploads\/2017\/10\/Canadian-citizenship.jpg","width":1024,"height":680},{"@type":"BreadcrumbList","@id":"https:\/\/www.ariannerelocation.com\/fr\/les-bases-de-la-relocalisation-professionnelle-au-canada\/#breadcrumb","itemListElement":[{"@type":"ListItem","position":1,"name":"Home","item":"https:\/\/www.ariannerelocation.com\/fr\/"},{"@type":"ListItem","position":2,"name":"Les bases de la relocalisation professionnelle au Canada"}]},{"@type":"WebSite","@id":"https:\/\/www.ariannerelocation.com\/fr\/#website","url":"https:\/\/www.ariannerelocation.com\/fr\/","name":"ARIANNE Relocalisation","description":"Relocation guides and services for people moving to Canada","potentialAction":[{"@type":"SearchAction","target":{"@type":"EntryPoint","urlTemplate":"https:\/\/www.ariannerelocation.com\/fr\/?s={search_term_string}"},"query-input":{"@type":"PropertyValueSpecification","valueRequired":true,"valueName":"search_term_string"}}],"inLanguage":"fr-FR"},{"@type":"Person","@id":"https:\/\/www.ariannerelocation.com\/fr\/#\/schema\/person\/9742514ae438fea64e9d1ff33296ccc8","name":"Manon Dumas","description":"Manon Dumas est la fondatrice d'ARIANNE Relocation Canada, cr\u00e9\u00e9e en 1997 pour aider les familles, les cadres et les professionnels mobiles \u00e0 l'\u00e9chelle mondiale qui s'installent \u00e0 Montr\u00e9al et partout au Canada. Forte de pr\u00e8s de trois d\u00e9cennies d'exp\u00e9rience pratique, elle conseille ses clients sur la strat\u00e9gie de logement, le choix du quartier, la scolarisation et les r\u00e9alit\u00e9s pratiques d'une installation r\u00e9ussie dans une nouvelle ville ou un nouveau pays. Son travail se situe \u00e0 la crois\u00e9e de la relocalisation et du conseil immobilier. Manon aide ses clients \u00e0 comprendre non seulement comment d\u00e9m\u00e9nager, mais aussi o\u00f9 vivre, comment \u00e9valuer les quartiers et comment prendre des d\u00e9cisions \u00e9clair\u00e9es en mati\u00e8re de logement, en fonction de leur mode de vie, de leur calendrier et de leurs objectifs \u00e0 long terme. Elle est r\u00e9put\u00e9e pour ses conseils clairs et r\u00e9fl\u00e9chis et sa connaissance approfondie du march\u00e9 immobilier et de la relocalisation au Canada. Pour toute demande de renseignements, vous pouvez la contacter \u00e0 l'adresse manon@ariannerelocation.com. _______________________________________________________________________________________________________ Manon Dumas is the founder of ARIANNE Relocation Canada, established in 1997 to support families, executives, and globally mobile professionals relocating to Montreal and across Canada. With nearly three decades of hands-on experience, she advises clients on housing strategy, neighbourhood selection, schooling, and the practical realities of settling successfully in a new city or country. Her work sits at the intersection of relocation and real estate advisory. Manon helps clients understand not only how to move, but where to live, how to evaluate neighbourhoods, and how to make informed housing decisions aligned with their lifestyle, timeline, and long-term objectives. She is known for her clear, thoughtful guidance and her deep understanding of the Canadian relocation and real estate landscape. For inquiries, she can be reached at manon@ariannerelocation.com","sameAs":["https:\/\/ariannerelocation.com"],"url":"https:\/\/www.ariannerelocation.com\/fr\/author\/manon\/"}]}},"_links":{"self":[{"href":"https:\/\/www.ariannerelocation.com\/fr\/wp-json\/wp\/v2\/posts\/3130","targetHints":{"allow":["GET"]}}],"collection":[{"href":"https:\/\/www.ariannerelocation.com\/fr\/wp-json\/wp\/v2\/posts"}],"about":[{"href":"https:\/\/www.ariannerelocation.com\/fr\/wp-json\/wp\/v2\/types\/post"}],"author":[{"embeddable":true,"href":"https:\/\/www.ariannerelocation.com\/fr\/wp-json\/wp\/v2\/users\/6"}],"replies":[{"embeddable":true,"href":"https:\/\/www.ariannerelocation.com\/fr\/wp-json\/wp\/v2\/comments?post=3130"}],"version-history":[{"count":0,"href":"https:\/\/www.ariannerelocation.com\/fr\/wp-json\/wp\/v2\/posts\/3130\/revisions"}],"wp:featuredmedia":[{"embeddable":true,"href":"https:\/\/www.ariannerelocation.com\/fr\/wp-json\/wp\/v2\/media\/16411"}],"wp:attachment":[{"href":"https:\/\/www.ariannerelocation.com\/fr\/wp-json\/wp\/v2\/media?parent=3130"}],"wp:term":[{"taxonomy":"category","embeddable":true,"href":"https:\/\/www.ariannerelocation.com\/fr\/wp-json\/wp\/v2\/categories?post=3130"},{"taxonomy":"post_tag","embeddable":true,"href":"https:\/\/www.ariannerelocation.com\/fr\/wp-json\/wp\/v2\/tags?post=3130"}],"curies":[{"name":"wp","href":"https:\/\/api.w.org\/{rel}","templated":true}]}}