{"id":21193,"date":"2024-01-30T15:53:47","date_gmt":"2024-01-30T15:53:47","guid":{"rendered":"https:\/\/ariannerelocation.com\/chasing-urban-vibes-a-breakdown-of-the-trendiest-montreal-neighbourhoods\/"},"modified":"2023-12-16T19:14:46","modified_gmt":"2023-12-16T19:14:46","slug":"a-la-poursuite-des-vibrations-urbaines-une-repartition-des-quartiers-les-plus-branches-de-montreal","status":"publish","type":"post","link":"https:\/\/www.ariannerelocation.com\/fr\/a-la-poursuite-des-vibrations-urbaines-une-repartition-des-quartiers-les-plus-branches-de-montreal\/","title":{"rendered":"\u00c0 la poursuite des vibrations urbaines Une r\u00e9partition des quartiers les plus branch\u00e9s de Montr\u00e9al"},"content":{"rendered":"<div class=\"fusion-fullwidth fullwidth-box fusion-builder-row-1 nonhundred-percent-fullwidth non-hundred-percent-height-scrolling\" style=\"--awb-border-radius-top-left:0px;--awb-border-radius-top-right:0px;--awb-border-radius-bottom-right:0px;--awb-border-radius-bottom-left:0px;--awb-flex-wrap:wrap;\" ><div class=\"fusion-builder-row fusion-row\"><div class=\"fusion-layout-column fusion_builder_column fusion-builder-column-0 fusion_builder_column_1_1 1_1 fusion-one-full fusion-column-first fusion-column-last\" style=\"--awb-bg-size:cover;\"><div class=\"fusion-column-wrapper fusion-flex-column-wrapper-legacy\"><div class=\"fusion-text fusion-text-1\"><h3>Introduction\u00a0:<\/h3>\n<p>Au c\u0153ur de la mosa\u00efque culturelle canadienne, Montr\u00e9al est un phare de la vie cosmopolite. Ville o\u00f9 le charme historique se m\u00eale harmonieusement aux tendances contemporaines, ce p\u00f4le urbain anim\u00e9 offre un style de vie qui attire aussi bien les r\u00eaveurs que les citadins. Imaginez maintenant vous lancer dans un voyage pour vous installer au c\u0153ur m\u00eame de cette m\u00e9tropole dynamique, dans les quartiers les plus cool et les plus recherch\u00e9s de Montr\u00e9al.<\/p>\n<p>Aujourd&rsquo;hui, nous embarquerons pour une exp\u00e9dition captivante \u00e0 travers les rues de la ville, \u00e0 la d\u00e9couverte des tr\u00e9sors cach\u00e9s, des p\u00f4les artistiques, des d\u00e9lices gastronomiques et des centres urbains qui d\u00e9finissent certains des meilleurs quartiers de Montr\u00e9al. Des boutiques styl\u00e9es du Mile End \u00e0 l&rsquo;\u00e9nergie \u00e9lectrisante du Plateau Mont-Royal, nous plongerons dans l&rsquo;identit\u00e9 unique et la mosa\u00efque culturelle qui distingue chaque quartier.<\/p>\n<p>Que vous envisagiez de d\u00e9m\u00e9nager en ville ou que vous soyez simplement un explorateur curieux d&rsquo;Internet, rejoignez-nous pour parcourir les art\u00e8res dynamiques et les charmantes ruelles de cette destination captivante. Les quartiers les plus cool de Montr\u00e9al vous attendent et nous serons vos compagnons de confiance dans ce voyage passionnant.<\/p>\n<h3>Vieux-Montr\u00e9al : l\u00e0 o\u00f9 l&rsquo;histoire rencontre le chic contemporain<\/h3>\n<p>Le Vieux-Montr\u00e9al, ou Vieux-Montr\u00e9al, est un joyau intemporel qui allie sans effort la riche histoire de la ville \u00e0 son allure contemporaine. Ce quartier branch\u00e9, impr\u00e9gn\u00e9 de si\u00e8cles de patrimoine, invite ses habitants \u00e0 remonter le temps en d\u00e9ambulant dans ses rues pav\u00e9es, en admirant une architecture magnifiquement pr\u00e9serv\u00e9e et des monuments centenaires. Mais ne vous laissez pas tromper par sa fa\u00e7ade historique ; Le Vieux-Montr\u00e9al poss\u00e8de \u00e9galement une modernit\u00e9 vibrante. C&rsquo;est un creuset culturel o\u00f9 boutiques pittoresques et restaurants gastronomiques c\u00f4toient galeries d&rsquo;avant-garde et salons \u00e0 cocktails chics. Avec le pittoresque Vieux-Port en toile de fond, le Vieux-Montr\u00e9al offre un m\u00e9lange in\u00e9gal\u00e9 d&rsquo;histoire, de culture et de sophistication, ce qui en fait facilement l&rsquo;un des meilleurs quartiers de la vaste r\u00e9gion m\u00e9tropolitaine de Montr\u00e9al et une destination incontournable pour ceux qui recherchent un avant-go\u00fbt du le pass\u00e9 et le pr\u00e9sent de la ville dans un ensemble enchanteur.<\/p>\n<h3>Mile End : le paradis des hipsters de Montr\u00e9al<\/h3>\n<p>\u00c9lu 5e quartier le plus cool au monde par le magazine Time Out en 2022, le Mile End s&rsquo;impose comme un v\u00e9ritable refuge pour les hipsters et les \u00e2mes cr\u00e9atives. Ce quartier vibrant vibre d\u2019une \u00e9nergie irr\u00e9sistible, combinant un m\u00e9lange \u00e9clectique de cultures et d\u2019influences qui conf\u00e8rent \u00e0 ses rues un charme ind\u00e9niable. Le Mile End est r\u00e9put\u00e9 pour ses caf\u00e9s artisanaux, ses boutiques vintage et sa sc\u00e8ne culinaire en plein essor qui s&rsquo;adresse \u00e0 tous les palais, des connaisseurs de bagels aux amateurs de cuisine fusion. Son esprit artistique est palpable dans le street art en constante \u00e9volution qui orne ses murs de briques, et la communaut\u00e9 soud\u00e9e du quartier favorise un sentiment d&rsquo;appartenance qui incite les habitants et les visiteurs \u00e0 revenir pour en savoir plus. En r\u00e9sum\u00e9, le Mile End se d\u00e9marque ind\u00e9niablement comme l&rsquo;un des quartiers les plus cool de Montr\u00e9al, alliant flair artistique, diversit\u00e9 culturelle et charme distinctif qui continue de captiver tant les locaux que les visiteurs.<\/p>\n<h3>Plateau Mont-Royal : le rythme boh\u00e8me de Montr\u00e9al<\/h3>\n<p>Nich\u00e9 au sommet d\u2019un plateau pittoresque et palpitant de charme boh\u00e8me, le Plateau Mont-Royal est l\u2019arrondissement branch\u00e9 par excellence de la ville. Connu pour ses maisons en rang\u00e9e color\u00e9es orn\u00e9es d&rsquo;escaliers ext\u00e9rieurs en colima\u00e7on, il d\u00e9gage une ambiance artistique et \u00e9clectique qui le distingue des autres quartiers de Montr\u00e9al. Les rues ici regorgent de boutiques ind\u00e9pendantes, de boulangeries artisanales et d&rsquo;une gamme vari\u00e9e de caf\u00e9s o\u00f9 observer les gens est une forme d&rsquo;art en soi. Le Plateau Mont-Royal est ind\u00e9niablement l&rsquo;un des quartiers les plus cool de Montr\u00e9al, en t\u00e9moigne son atmosph\u00e8re anim\u00e9e qui incarne l&rsquo;esprit cr\u00e9atif de la ville. Au coucher du soleil, le quartier se transforme en un centre anim\u00e9 de vie nocturne, avec des bars chaleureux, des salles de concert intimistes et un sentiment de communaut\u00e9 palpable. Au-del\u00e0 de sa richesse culturelle, l&#8217;embl\u00e9matique Parc La Fontaine offre des oasis de verdure propices \u00e0 la d\u00e9tente et au pique-nique. Le Plateau Mont-Royal est un lieu o\u00f9 la tradition rencontre l&rsquo;innovation et o\u00f9 un esprit d&rsquo;ouverture et de cr\u00e9ativit\u00e9 circule librement dans ses rues.<\/p>\n<h3>Villeray : le joyau cach\u00e9 du charme branch\u00e9 de Montr\u00e9al<\/h3>\n<p>Malgr\u00e9 sa situation au c\u0153ur de la ville, Villeray est moins pr\u00e9somptueux que les autres quartiers populaires de Montr\u00e9al. Comme le Mile End, Villeray occupe la 18e place sur la liste 2021 des meilleurs quartiers au monde de Time Out. Ce joyau cach\u00e9 offre un d\u00e9part rafra\u00eechissant par rapport aux foules anim\u00e9es des zones plus touristiques, offrant un aper\u00e7u authentique de la vie et de la culture locales de Montr\u00e9al. Les rues bord\u00e9es d&rsquo;arbres de Villeray sont parsem\u00e9es d&rsquo;une multitude de charmants caf\u00e9s, de bistros invitants et de boutiques, offrant un accueil chaleureux aux r\u00e9sidents et aux visiteurs. Ses influences multiculturelles transparaissent dans sa sc\u00e8ne culinaire diversifi\u00e9e, o\u00f9 vous pourrez savourer de d\u00e9licieux plats du monde entier. Avec son flair artistique et son esprit communautaire, Villeray invite \u00e0 l&rsquo;exploration, offrant un aper\u00e7u du paysage vibrant et en constante \u00e9volution de Montr\u00e9al au-del\u00e0 des brochures touristiques, ce qui en fait un quartier agr\u00e9able o\u00f9 s&rsquo;installer. Ce sont des commodit\u00e9s comme celles-ci qui vous rappellent pourquoi Villeray est consid\u00e9r\u00e9 par plusieurs pour \u00eatre l&rsquo;un des meilleurs quartiers de Montr\u00e9al.<\/p>\n<h3>Verdun : le joyau de la transformation tendance au bord du fleuve \u00e0 Montr\u00e9al<\/h3>\n<p>Vous voulez savoir pourquoi plusieurs consid\u00e8rent Verdun comme l\u2019un des quartiers les plus cool de Montr\u00e9al ? Un mot : emplacement. Situ\u00e9e le long du pittoresque fleuve Saint-Laurent, Verdun a subi une transformation remarquable au cours des derni\u00e8res ann\u00e9es. Avec ses parcs pittoresques au bord de l&rsquo;eau, ses espaces verts verdoyants et sa sc\u00e8ne artistique et culinaire en plein essor, Verdun attire tant les r\u00e9sidents que les explorateurs \u00e0 la recherche d&rsquo;une nouvelle perspective sur le paysage urbain de Montr\u00e9al. Ce quartier dynamique abrite un m\u00e9lange \u00e9clectique de caf\u00e9s branch\u00e9s, de restaurants inventifs et de boutiques artisanales qui refl\u00e8tent sa communaut\u00e9 dynamique et diversifi\u00e9e. L&rsquo;engagement de Verdun envers le d\u00e9veloppement urbain durable se manifeste dans ses rues cyclables et ses espaces publics cr\u00e9atifs. Au fil des saisons, l&rsquo;attrait du quartier continue de cro\u00eetre, faisant de Verdun une destination captivante pour ceux qui recherchent un m\u00e9lange unique de beaut\u00e9 naturelle et de charme urbain le long des berges du fleuve Montr\u00e9al. Et oh oui, c&rsquo;est aussi un concurrent majeur de Time Out, le magazine ayant \u00e9lu la rue Wellington comme la rue la plus cool du monde en 2022 !<\/p>\n<h3>Conclusion:<\/h3>\n<p>Alors que nous concluons notre voyage \u00e0 travers les quartiers les plus branch\u00e9s de Montr\u00e9al, nous avons eu le privil\u00e8ge de d\u00e9couvrir la captivante mosa\u00efque de culture, de cr\u00e9ativit\u00e9 et de charme de la ville. Que vous soyez attir\u00e9 par l&rsquo;esprit boh\u00e8me du Mile End ou le charme moderne et historique du Plateau Mont-Royal, chaque quartier raconte une histoire qui ajoute de la profondeur au r\u00e9cit vibrant de la ville. Les quartiers les plus cool de Montr\u00e9al sont bien plus que de simples endroits sur une carte ; ce sont des entit\u00e9s vivantes et respirantes qui vous invitent \u00e0 vous immerger dans leur culture, leur histoire et leur cr\u00e9ativit\u00e9. Ils t\u00e9moignent de l\u2019esprit dynamique de Montr\u00e9al et de son engagement in\u00e9branlable envers l\u2019innovation et l\u2019inclusion. Alors, alors que vous planifiez votre d\u00e9m\u00e9nagement dans cette ville enchanteresse ou que vous vous lancez dans une red\u00e9couverte de votre ville natale, n&rsquo;oubliez pas que les meilleurs quartiers de Montr\u00e9al attendent d&rsquo;\u00eatre explor\u00e9s, chacun avec son rythme unique et une promesse d&rsquo;exp\u00e9riences inoubliables.<\/p>\n<\/div><div class=\"fusion-clearfix\"><\/div><\/div><\/div><\/div><\/div>\n","protected":false},"excerpt":{"rendered":"","protected":false},"author":6,"featured_media":21191,"comment_status":"open","ping_status":"open","sticky":false,"template":"","format":"standard","meta":{"_acf_changed":false,"pmpro_default_level":"","footnotes":""},"categories":[42,60,54,23],"tags":[6455,6503,6504],"class_list":["post-21193","post","type-post","status-publish","format-standard","has-post-thumbnail","hentry","category-montreal-quebec-fr","category-relocalisation","category-style-de-vie","category-voyage","tag-montreal-fr","tag-neighbourhoods-fr","tag-relocation-fr","pmpro-has-access"],"acf":[],"yoast_head":"<!-- This site is optimized with the Yoast SEO plugin v27.5 - https:\/\/yoast.com\/product\/yoast-seo-wordpress\/ -->\n<title>\u00c0 la poursuite des vibrations urbaines Une r\u00e9partition des quartiers les plus branch\u00e9s de Montr\u00e9al - ARIANNE Relocalisation<\/title>\n<meta name=\"description\" content=\"\u00c0 la poursuite des vibrations urbaines Une r\u00e9partition des quartiers les plus branch\u00e9s de Montr\u00e9al\" \/>\n<meta name=\"robots\" content=\"index, follow, max-snippet:-1, max-image-preview:large, max-video-preview:-1\" \/>\n<link rel=\"canonical\" href=\"https:\/\/www.ariannerelocation.com\/fr\/a-la-poursuite-des-vibrations-urbaines-une-repartition-des-quartiers-les-plus-branches-de-montreal\/\" \/>\n<meta property=\"og:locale\" content=\"fr_FR\" \/>\n<meta property=\"og:type\" content=\"article\" \/>\n<meta property=\"og:title\" content=\"\u00c0 la poursuite des vibrations urbaines Une r\u00e9partition des quartiers les plus branch\u00e9s de Montr\u00e9al - ARIANNE Relocalisation\" \/>\n<meta property=\"og:description\" content=\"\u00c0 la poursuite des vibrations urbaines Une r\u00e9partition des quartiers les plus branch\u00e9s de Montr\u00e9al\" \/>\n<meta property=\"og:url\" content=\"https:\/\/www.ariannerelocation.com\/fr\/a-la-poursuite-des-vibrations-urbaines-une-repartition-des-quartiers-les-plus-branches-de-montreal\/\" \/>\n<meta property=\"og:site_name\" content=\"ARIANNE Relocalisation\" \/>\n<meta property=\"article:publisher\" content=\"https:\/\/www.facebook.com\/ariannerelocation\/\" \/>\n<meta property=\"article:published_time\" content=\"2024-01-30T15:53:47+00:00\" \/>\n<meta property=\"og:image\" content=\"https:\/\/ariannerelocation.com\/wp-content\/uploads\/2023\/12\/Trendy-Neighborhoods-scaled.jpeg\" \/>\n\t<meta property=\"og:image:width\" content=\"2048\" \/>\n\t<meta property=\"og:image:height\" content=\"2560\" \/>\n\t<meta property=\"og:image:type\" content=\"image\/jpeg\" \/>\n<meta name=\"author\" content=\"Manon Dumas\" \/>\n<meta name=\"twitter:card\" content=\"summary_large_image\" \/>\n<meta name=\"twitter:label1\" content=\"\u00c9crit par\" \/>\n\t<meta name=\"twitter:data1\" content=\"Manon Dumas\" \/>\n\t<meta name=\"twitter:label2\" content=\"Dur\u00e9e de lecture estim\u00e9e\" \/>\n\t<meta name=\"twitter:data2\" content=\"6 minutes\" \/>\n<script type=\"application\/ld+json\" class=\"yoast-schema-graph\">{\"@context\":\"https:\\\/\\\/schema.org\",\"@graph\":[{\"@type\":\"Article\",\"@id\":\"https:\\\/\\\/www.ariannerelocation.com\\\/fr\\\/a-la-poursuite-des-vibrations-urbaines-une-repartition-des-quartiers-les-plus-branches-de-montreal\\\/#article\",\"isPartOf\":{\"@id\":\"https:\\\/\\\/www.ariannerelocation.com\\\/fr\\\/a-la-poursuite-des-vibrations-urbaines-une-repartition-des-quartiers-les-plus-branches-de-montreal\\\/\"},\"author\":{\"name\":\"Manon Dumas\",\"@id\":\"https:\\\/\\\/www.ariannerelocation.com\\\/fr\\\/#\\\/schema\\\/person\\\/9742514ae438fea64e9d1ff33296ccc8\"},\"headline\":\"\u00c0 la poursuite des vibrations urbaines Une r\u00e9partition des quartiers les plus branch\u00e9s de Montr\u00e9al\",\"datePublished\":\"2024-01-30T15:53:47+00:00\",\"mainEntityOfPage\":{\"@id\":\"https:\\\/\\\/www.ariannerelocation.com\\\/fr\\\/a-la-poursuite-des-vibrations-urbaines-une-repartition-des-quartiers-les-plus-branches-de-montreal\\\/\"},\"wordCount\":1684,\"commentCount\":0,\"image\":{\"@id\":\"https:\\\/\\\/www.ariannerelocation.com\\\/fr\\\/a-la-poursuite-des-vibrations-urbaines-une-repartition-des-quartiers-les-plus-branches-de-montreal\\\/#primaryimage\"},\"thumbnailUrl\":\"https:\\\/\\\/ariannerelocation.com\\\/wp-content\\\/uploads\\\/2023\\\/12\\\/Trendy-Neighborhoods-scaled.jpeg\",\"keywords\":[\"Montreal\",\"neighbourhoods\",\"relocation\"],\"articleSection\":[\"Montr\u00e9al\",\"Relocalisation\",\"Style de vie\",\"Voyage\"],\"inLanguage\":\"fr-FR\",\"potentialAction\":[{\"@type\":\"CommentAction\",\"name\":\"Comment\",\"target\":[\"https:\\\/\\\/www.ariannerelocation.com\\\/fr\\\/a-la-poursuite-des-vibrations-urbaines-une-repartition-des-quartiers-les-plus-branches-de-montreal\\\/#respond\"]}]},{\"@type\":\"WebPage\",\"@id\":\"https:\\\/\\\/www.ariannerelocation.com\\\/fr\\\/a-la-poursuite-des-vibrations-urbaines-une-repartition-des-quartiers-les-plus-branches-de-montreal\\\/\",\"url\":\"https:\\\/\\\/www.ariannerelocation.com\\\/fr\\\/a-la-poursuite-des-vibrations-urbaines-une-repartition-des-quartiers-les-plus-branches-de-montreal\\\/\",\"name\":\"\u00c0 la poursuite des vibrations urbaines Une r\u00e9partition des quartiers les plus branch\u00e9s de Montr\u00e9al - ARIANNE Relocalisation\",\"isPartOf\":{\"@id\":\"https:\\\/\\\/www.ariannerelocation.com\\\/fr\\\/#website\"},\"primaryImageOfPage\":{\"@id\":\"https:\\\/\\\/www.ariannerelocation.com\\\/fr\\\/a-la-poursuite-des-vibrations-urbaines-une-repartition-des-quartiers-les-plus-branches-de-montreal\\\/#primaryimage\"},\"image\":{\"@id\":\"https:\\\/\\\/www.ariannerelocation.com\\\/fr\\\/a-la-poursuite-des-vibrations-urbaines-une-repartition-des-quartiers-les-plus-branches-de-montreal\\\/#primaryimage\"},\"thumbnailUrl\":\"https:\\\/\\\/ariannerelocation.com\\\/wp-content\\\/uploads\\\/2023\\\/12\\\/Trendy-Neighborhoods-scaled.jpeg\",\"datePublished\":\"2024-01-30T15:53:47+00:00\",\"author\":{\"@id\":\"https:\\\/\\\/www.ariannerelocation.com\\\/fr\\\/#\\\/schema\\\/person\\\/9742514ae438fea64e9d1ff33296ccc8\"},\"description\":\"\u00c0 la poursuite des vibrations urbaines Une r\u00e9partition des quartiers les plus branch\u00e9s de Montr\u00e9al\",\"breadcrumb\":{\"@id\":\"https:\\\/\\\/www.ariannerelocation.com\\\/fr\\\/a-la-poursuite-des-vibrations-urbaines-une-repartition-des-quartiers-les-plus-branches-de-montreal\\\/#breadcrumb\"},\"inLanguage\":\"fr-FR\",\"potentialAction\":[{\"@type\":\"ReadAction\",\"target\":[\"https:\\\/\\\/www.ariannerelocation.com\\\/fr\\\/a-la-poursuite-des-vibrations-urbaines-une-repartition-des-quartiers-les-plus-branches-de-montreal\\\/\"]}]},{\"@type\":\"ImageObject\",\"inLanguage\":\"fr-FR\",\"@id\":\"https:\\\/\\\/www.ariannerelocation.com\\\/fr\\\/a-la-poursuite-des-vibrations-urbaines-une-repartition-des-quartiers-les-plus-branches-de-montreal\\\/#primaryimage\",\"url\":\"https:\\\/\\\/ariannerelocation.com\\\/wp-content\\\/uploads\\\/2023\\\/12\\\/Trendy-Neighborhoods-scaled.jpeg\",\"contentUrl\":\"https:\\\/\\\/ariannerelocation.com\\\/wp-content\\\/uploads\\\/2023\\\/12\\\/Trendy-Neighborhoods-scaled.jpeg\",\"width\":2048,\"height\":2560,\"caption\":\"Quartiers branch\u00e9s\"},{\"@type\":\"BreadcrumbList\",\"@id\":\"https:\\\/\\\/www.ariannerelocation.com\\\/fr\\\/a-la-poursuite-des-vibrations-urbaines-une-repartition-des-quartiers-les-plus-branches-de-montreal\\\/#breadcrumb\",\"itemListElement\":[{\"@type\":\"ListItem\",\"position\":1,\"name\":\"Home\",\"item\":\"https:\\\/\\\/www.ariannerelocation.com\\\/fr\\\/\"},{\"@type\":\"ListItem\",\"position\":2,\"name\":\"\u00c0 la poursuite des vibrations urbaines Une r\u00e9partition des quartiers les plus branch\u00e9s de Montr\u00e9al\"}]},{\"@type\":\"WebSite\",\"@id\":\"https:\\\/\\\/www.ariannerelocation.com\\\/fr\\\/#website\",\"url\":\"https:\\\/\\\/www.ariannerelocation.com\\\/fr\\\/\",\"name\":\"ARIANNE Relocalisation\",\"description\":\"Relocation guides and services for people moving to Canada\",\"potentialAction\":[{\"@type\":\"SearchAction\",\"target\":{\"@type\":\"EntryPoint\",\"urlTemplate\":\"https:\\\/\\\/www.ariannerelocation.com\\\/fr\\\/?s={search_term_string}\"},\"query-input\":{\"@type\":\"PropertyValueSpecification\",\"valueRequired\":true,\"valueName\":\"search_term_string\"}}],\"inLanguage\":\"fr-FR\"},{\"@type\":\"Person\",\"@id\":\"https:\\\/\\\/www.ariannerelocation.com\\\/fr\\\/#\\\/schema\\\/person\\\/9742514ae438fea64e9d1ff33296ccc8\",\"name\":\"Manon Dumas\",\"description\":\"Manon Dumas est la fondatrice d'ARIANNE Relocation Canada, cr\u00e9\u00e9e en 1997 pour aider les familles, les cadres et les professionnels mobiles \u00e0 l'\u00e9chelle mondiale qui s'installent \u00e0 Montr\u00e9al et partout au Canada. Forte de pr\u00e8s de trois d\u00e9cennies d'exp\u00e9rience pratique, elle conseille ses clients sur la strat\u00e9gie de logement, le choix du quartier, la scolarisation et les r\u00e9alit\u00e9s pratiques d'une installation r\u00e9ussie dans une nouvelle ville ou un nouveau pays. Son travail se situe \u00e0 la crois\u00e9e de la relocalisation et du conseil immobilier. Manon aide ses clients \u00e0 comprendre non seulement comment d\u00e9m\u00e9nager, mais aussi o\u00f9 vivre, comment \u00e9valuer les quartiers et comment prendre des d\u00e9cisions \u00e9clair\u00e9es en mati\u00e8re de logement, en fonction de leur mode de vie, de leur calendrier et de leurs objectifs \u00e0 long terme. Elle est r\u00e9put\u00e9e pour ses conseils clairs et r\u00e9fl\u00e9chis et sa connaissance approfondie du march\u00e9 immobilier et de la relocalisation au Canada. Pour toute demande de renseignements, vous pouvez la contacter \u00e0 l'adresse manon@ariannerelocation.com. _______________________________________________________________________________________________________ Manon Dumas is the founder of ARIANNE Relocation Canada, established in 1997 to support families, executives, and globally mobile professionals relocating to Montreal and across Canada. With nearly three decades of hands-on experience, she advises clients on housing strategy, neighbourhood selection, schooling, and the practical realities of settling successfully in a new city or country. Her work sits at the intersection of relocation and real estate advisory. Manon helps clients understand not only how to move, but where to live, how to evaluate neighbourhoods, and how to make informed housing decisions aligned with their lifestyle, timeline, and long-term objectives. She is known for her clear, thoughtful guidance and her deep understanding of the Canadian relocation and real estate landscape. For inquiries, she can be reached at manon@ariannerelocation.com\",\"sameAs\":[\"https:\\\/\\\/ariannerelocation.com\"],\"url\":\"https:\\\/\\\/www.ariannerelocation.com\\\/fr\\\/author\\\/manon\\\/\"}]}<\/script>\n<!-- \/ Yoast SEO plugin. -->","yoast_head_json":{"title":"\u00c0 la poursuite des vibrations urbaines Une r\u00e9partition des quartiers les plus branch\u00e9s de Montr\u00e9al - ARIANNE Relocalisation","description":"\u00c0 la poursuite des vibrations urbaines Une r\u00e9partition des quartiers les plus branch\u00e9s de Montr\u00e9al","robots":{"index":"index","follow":"follow","max-snippet":"max-snippet:-1","max-image-preview":"max-image-preview:large","max-video-preview":"max-video-preview:-1"},"canonical":"https:\/\/www.ariannerelocation.com\/fr\/a-la-poursuite-des-vibrations-urbaines-une-repartition-des-quartiers-les-plus-branches-de-montreal\/","og_locale":"fr_FR","og_type":"article","og_title":"\u00c0 la poursuite des vibrations urbaines Une r\u00e9partition des quartiers les plus branch\u00e9s de Montr\u00e9al - ARIANNE Relocalisation","og_description":"\u00c0 la poursuite des vibrations urbaines Une r\u00e9partition des quartiers les plus branch\u00e9s de Montr\u00e9al","og_url":"https:\/\/www.ariannerelocation.com\/fr\/a-la-poursuite-des-vibrations-urbaines-une-repartition-des-quartiers-les-plus-branches-de-montreal\/","og_site_name":"ARIANNE Relocalisation","article_publisher":"https:\/\/www.facebook.com\/ariannerelocation\/","article_published_time":"2024-01-30T15:53:47+00:00","og_image":[{"width":2048,"height":2560,"url":"https:\/\/ariannerelocation.com\/wp-content\/uploads\/2023\/12\/Trendy-Neighborhoods-scaled.jpeg","type":"image\/jpeg"}],"author":"Manon Dumas","twitter_card":"summary_large_image","twitter_misc":{"\u00c9crit par":"Manon Dumas","Dur\u00e9e de lecture estim\u00e9e":"6 minutes"},"schema":{"@context":"https:\/\/schema.org","@graph":[{"@type":"Article","@id":"https:\/\/www.ariannerelocation.com\/fr\/a-la-poursuite-des-vibrations-urbaines-une-repartition-des-quartiers-les-plus-branches-de-montreal\/#article","isPartOf":{"@id":"https:\/\/www.ariannerelocation.com\/fr\/a-la-poursuite-des-vibrations-urbaines-une-repartition-des-quartiers-les-plus-branches-de-montreal\/"},"author":{"name":"Manon Dumas","@id":"https:\/\/www.ariannerelocation.com\/fr\/#\/schema\/person\/9742514ae438fea64e9d1ff33296ccc8"},"headline":"\u00c0 la poursuite des vibrations urbaines Une r\u00e9partition des quartiers les plus branch\u00e9s de Montr\u00e9al","datePublished":"2024-01-30T15:53:47+00:00","mainEntityOfPage":{"@id":"https:\/\/www.ariannerelocation.com\/fr\/a-la-poursuite-des-vibrations-urbaines-une-repartition-des-quartiers-les-plus-branches-de-montreal\/"},"wordCount":1684,"commentCount":0,"image":{"@id":"https:\/\/www.ariannerelocation.com\/fr\/a-la-poursuite-des-vibrations-urbaines-une-repartition-des-quartiers-les-plus-branches-de-montreal\/#primaryimage"},"thumbnailUrl":"https:\/\/ariannerelocation.com\/wp-content\/uploads\/2023\/12\/Trendy-Neighborhoods-scaled.jpeg","keywords":["Montreal","neighbourhoods","relocation"],"articleSection":["Montr\u00e9al","Relocalisation","Style de vie","Voyage"],"inLanguage":"fr-FR","potentialAction":[{"@type":"CommentAction","name":"Comment","target":["https:\/\/www.ariannerelocation.com\/fr\/a-la-poursuite-des-vibrations-urbaines-une-repartition-des-quartiers-les-plus-branches-de-montreal\/#respond"]}]},{"@type":"WebPage","@id":"https:\/\/www.ariannerelocation.com\/fr\/a-la-poursuite-des-vibrations-urbaines-une-repartition-des-quartiers-les-plus-branches-de-montreal\/","url":"https:\/\/www.ariannerelocation.com\/fr\/a-la-poursuite-des-vibrations-urbaines-une-repartition-des-quartiers-les-plus-branches-de-montreal\/","name":"\u00c0 la poursuite des vibrations urbaines Une r\u00e9partition des quartiers les plus branch\u00e9s de Montr\u00e9al - ARIANNE Relocalisation","isPartOf":{"@id":"https:\/\/www.ariannerelocation.com\/fr\/#website"},"primaryImageOfPage":{"@id":"https:\/\/www.ariannerelocation.com\/fr\/a-la-poursuite-des-vibrations-urbaines-une-repartition-des-quartiers-les-plus-branches-de-montreal\/#primaryimage"},"image":{"@id":"https:\/\/www.ariannerelocation.com\/fr\/a-la-poursuite-des-vibrations-urbaines-une-repartition-des-quartiers-les-plus-branches-de-montreal\/#primaryimage"},"thumbnailUrl":"https:\/\/ariannerelocation.com\/wp-content\/uploads\/2023\/12\/Trendy-Neighborhoods-scaled.jpeg","datePublished":"2024-01-30T15:53:47+00:00","author":{"@id":"https:\/\/www.ariannerelocation.com\/fr\/#\/schema\/person\/9742514ae438fea64e9d1ff33296ccc8"},"description":"\u00c0 la poursuite des vibrations urbaines Une r\u00e9partition des quartiers les plus branch\u00e9s de Montr\u00e9al","breadcrumb":{"@id":"https:\/\/www.ariannerelocation.com\/fr\/a-la-poursuite-des-vibrations-urbaines-une-repartition-des-quartiers-les-plus-branches-de-montreal\/#breadcrumb"},"inLanguage":"fr-FR","potentialAction":[{"@type":"ReadAction","target":["https:\/\/www.ariannerelocation.com\/fr\/a-la-poursuite-des-vibrations-urbaines-une-repartition-des-quartiers-les-plus-branches-de-montreal\/"]}]},{"@type":"ImageObject","inLanguage":"fr-FR","@id":"https:\/\/www.ariannerelocation.com\/fr\/a-la-poursuite-des-vibrations-urbaines-une-repartition-des-quartiers-les-plus-branches-de-montreal\/#primaryimage","url":"https:\/\/ariannerelocation.com\/wp-content\/uploads\/2023\/12\/Trendy-Neighborhoods-scaled.jpeg","contentUrl":"https:\/\/ariannerelocation.com\/wp-content\/uploads\/2023\/12\/Trendy-Neighborhoods-scaled.jpeg","width":2048,"height":2560,"caption":"Quartiers branch\u00e9s"},{"@type":"BreadcrumbList","@id":"https:\/\/www.ariannerelocation.com\/fr\/a-la-poursuite-des-vibrations-urbaines-une-repartition-des-quartiers-les-plus-branches-de-montreal\/#breadcrumb","itemListElement":[{"@type":"ListItem","position":1,"name":"Home","item":"https:\/\/www.ariannerelocation.com\/fr\/"},{"@type":"ListItem","position":2,"name":"\u00c0 la poursuite des vibrations urbaines Une r\u00e9partition des quartiers les plus branch\u00e9s de Montr\u00e9al"}]},{"@type":"WebSite","@id":"https:\/\/www.ariannerelocation.com\/fr\/#website","url":"https:\/\/www.ariannerelocation.com\/fr\/","name":"ARIANNE Relocalisation","description":"Relocation guides and services for people moving to Canada","potentialAction":[{"@type":"SearchAction","target":{"@type":"EntryPoint","urlTemplate":"https:\/\/www.ariannerelocation.com\/fr\/?s={search_term_string}"},"query-input":{"@type":"PropertyValueSpecification","valueRequired":true,"valueName":"search_term_string"}}],"inLanguage":"fr-FR"},{"@type":"Person","@id":"https:\/\/www.ariannerelocation.com\/fr\/#\/schema\/person\/9742514ae438fea64e9d1ff33296ccc8","name":"Manon Dumas","description":"Manon Dumas est la fondatrice d'ARIANNE Relocation Canada, cr\u00e9\u00e9e en 1997 pour aider les familles, les cadres et les professionnels mobiles \u00e0 l'\u00e9chelle mondiale qui s'installent \u00e0 Montr\u00e9al et partout au Canada. Forte de pr\u00e8s de trois d\u00e9cennies d'exp\u00e9rience pratique, elle conseille ses clients sur la strat\u00e9gie de logement, le choix du quartier, la scolarisation et les r\u00e9alit\u00e9s pratiques d'une installation r\u00e9ussie dans une nouvelle ville ou un nouveau pays. Son travail se situe \u00e0 la crois\u00e9e de la relocalisation et du conseil immobilier. Manon aide ses clients \u00e0 comprendre non seulement comment d\u00e9m\u00e9nager, mais aussi o\u00f9 vivre, comment \u00e9valuer les quartiers et comment prendre des d\u00e9cisions \u00e9clair\u00e9es en mati\u00e8re de logement, en fonction de leur mode de vie, de leur calendrier et de leurs objectifs \u00e0 long terme. Elle est r\u00e9put\u00e9e pour ses conseils clairs et r\u00e9fl\u00e9chis et sa connaissance approfondie du march\u00e9 immobilier et de la relocalisation au Canada. Pour toute demande de renseignements, vous pouvez la contacter \u00e0 l'adresse manon@ariannerelocation.com. _______________________________________________________________________________________________________ Manon Dumas is the founder of ARIANNE Relocation Canada, established in 1997 to support families, executives, and globally mobile professionals relocating to Montreal and across Canada. With nearly three decades of hands-on experience, she advises clients on housing strategy, neighbourhood selection, schooling, and the practical realities of settling successfully in a new city or country. Her work sits at the intersection of relocation and real estate advisory. Manon helps clients understand not only how to move, but where to live, how to evaluate neighbourhoods, and how to make informed housing decisions aligned with their lifestyle, timeline, and long-term objectives. She is known for her clear, thoughtful guidance and her deep understanding of the Canadian relocation and real estate landscape. For inquiries, she can be reached at manon@ariannerelocation.com","sameAs":["https:\/\/ariannerelocation.com"],"url":"https:\/\/www.ariannerelocation.com\/fr\/author\/manon\/"}]}},"_links":{"self":[{"href":"https:\/\/www.ariannerelocation.com\/fr\/wp-json\/wp\/v2\/posts\/21193","targetHints":{"allow":["GET"]}}],"collection":[{"href":"https:\/\/www.ariannerelocation.com\/fr\/wp-json\/wp\/v2\/posts"}],"about":[{"href":"https:\/\/www.ariannerelocation.com\/fr\/wp-json\/wp\/v2\/types\/post"}],"author":[{"embeddable":true,"href":"https:\/\/www.ariannerelocation.com\/fr\/wp-json\/wp\/v2\/users\/6"}],"replies":[{"embeddable":true,"href":"https:\/\/www.ariannerelocation.com\/fr\/wp-json\/wp\/v2\/comments?post=21193"}],"version-history":[{"count":2,"href":"https:\/\/www.ariannerelocation.com\/fr\/wp-json\/wp\/v2\/posts\/21193\/revisions"}],"predecessor-version":[{"id":21195,"href":"https:\/\/www.ariannerelocation.com\/fr\/wp-json\/wp\/v2\/posts\/21193\/revisions\/21195"}],"wp:featuredmedia":[{"embeddable":true,"href":"https:\/\/www.ariannerelocation.com\/fr\/wp-json\/wp\/v2\/media\/21191"}],"wp:attachment":[{"href":"https:\/\/www.ariannerelocation.com\/fr\/wp-json\/wp\/v2\/media?parent=21193"}],"wp:term":[{"taxonomy":"category","embeddable":true,"href":"https:\/\/www.ariannerelocation.com\/fr\/wp-json\/wp\/v2\/categories?post=21193"},{"taxonomy":"post_tag","embeddable":true,"href":"https:\/\/www.ariannerelocation.com\/fr\/wp-json\/wp\/v2\/tags?post=21193"}],"curies":[{"name":"wp","href":"https:\/\/api.w.org\/{rel}","templated":true}]}}