{"id":20541,"date":"2023-11-01T15:50:33","date_gmt":"2023-11-01T15:50:33","guid":{"rendered":"https:\/\/ariannerelocation.com\/villeray\/"},"modified":"2023-11-06T19:11:50","modified_gmt":"2023-11-06T19:11:50","slug":"villeray","status":"publish","type":"post","link":"https:\/\/www.ariannerelocation.com\/fr\/villeray\/","title":{"rendered":"S&rsquo;installer \u00e0 Montr\u00e9al : Tout ce que vous devez savoir sur Villeray"},"content":{"rendered":"<div class=\"fusion-fullwidth fullwidth-box fusion-builder-row-1 nonhundred-percent-fullwidth non-hundred-percent-height-scrolling\" style=\"--awb-border-radius-top-left:0px;--awb-border-radius-top-right:0px;--awb-border-radius-bottom-right:0px;--awb-border-radius-bottom-left:0px;--awb-flex-wrap:wrap;\" ><div class=\"fusion-builder-row fusion-row\"><div class=\"fusion-layout-column fusion_builder_column fusion-builder-column-0 fusion_builder_column_1_1 1_1 fusion-one-full fusion-column-first fusion-column-last\" style=\"--awb-bg-size:cover;\"><div class=\"fusion-column-wrapper fusion-flex-column-wrapper-legacy\"><div class=\"fusion-text fusion-text-1\"><p><b>Intro :<\/b><\/p>\n<p>Il y a une multitude de facteurs \u00e0 consid\u00e9rer si vous envisagez de vous installer \u00e0 Montr\u00e9al ; l&rsquo;\u00e9ducation, les transports, mais peut-\u00eatre plus important encore, le quartier dans lequel vivre. En tant que l&rsquo;une des villes les plus diversifi\u00e9es et les plus riches culturellement du Canada, Montr\u00e9al offre une pl\u00e9thore d&rsquo;arrondissements parmi lesquels choisir, chacun avec sa propre saveur distincte. Si vous recherchez un quartier qui \u00e9tablit un \u00e9quilibre entre une vie urbaine dynamique et un sentiment de communaut\u00e9, ne cherchez pas plus loin que Villeray. Dans ce blog, nous explorerons le c\u0153ur et l&rsquo;\u00e2me de ce joyau montr\u00e9alais, situ\u00e9 dans le nord de la ville, qui offre une exp\u00e9rience de vie incroyable aux nouveaux arrivants comme aux r\u00e9sidents de longue date.<\/p>\n<p><b>Villeray Montr\u00e9al : un aper\u00e7u<\/b><\/p>\n<p>Il existe une multitude de quartiers \u00e0 Montr\u00e9al parmi lesquels choisir, et quel que soit le choix que vous ferez, votre lieu de r\u00e9sidence sera de premier ordre. Villeray, situ\u00e9e dans l&rsquo;arrondissement Villeray\u2013Saint-Michel\u2013Parc-Extension, ne fait pas exception. Cette communaut\u00e9 dynamique est un joyau cach\u00e9, regorgeant d\u2019opportunit\u00e9s et dot\u00e9 d\u2019une histoire riche.<\/p>\n<p><b>Villeray Montr\u00e9al : Histoire et H\u00e9ritage<\/b><\/p>\n<p>L&rsquo;histoire de Villeray remonte \u00e0 la fin du 19e si\u00e8cle, alors qu&rsquo;il \u00e9tait \u00e0 l&rsquo;origine un quartier ouvrier peupl\u00e9 de familles, de petites entreprises et d&rsquo;artisans locaux. Au fil des ann\u00e9es, elle a \u00e9volu\u00e9 commercialement tout en conservant son esprit communautaire. L&rsquo;histoire du quartier est pr\u00e9serv\u00e9e \u00e0 travers son architecture, avec de charmantes rues r\u00e9sidentielles pr\u00e9sentant un m\u00e9lange de maisons du d\u00e9but du XXe si\u00e8cle et d&rsquo;appartements modernes.<\/p>\n<p><b>Villeray Montr\u00e9al : Un quartier pour tout le monde<\/b><\/p>\n<p>L&rsquo;une des principales raisons pour lesquelles les gens envisagent de d\u00e9m\u00e9nager \u00e0 Montr\u00e9al est le caract\u00e8re diversifi\u00e9 et inclusif de la ville, et Villeray refl\u00e8te parfaitement cet aspect. Le quartier est un creuset de cultures et d&rsquo;origines, ce qui en fait une destination id\u00e9ale pour les nouveaux arrivants cherchant \u00e0 s&rsquo;immerger dans la riche composition de la ville.<\/p>\n<p>\u00c0 Villeray, une vari\u00e9t\u00e9 d&rsquo;options de logement, des r\u00e9sidences familiales confortables aux appartements modernes, sont disponibles pour r\u00e9pondre \u00e0 diff\u00e9rentes pr\u00e9f\u00e9rences et budgets. Que vous d\u00e9m\u00e9nagiez \u00e0 Montr\u00e9al pour des perspectives de carri\u00e8re, des objectifs \u00e9ducatifs ou pour fonder une famille, le march\u00e9 immobilier de Villeray, \u00e0 l&rsquo;image de la diversit\u00e9 des quartiers de Montr\u00e9al, vous garantit de trouver une r\u00e9sidence id\u00e9ale pour vos besoins.<\/p>\n<p><b>Villeray Montr\u00e9al : Commodit\u00e9s et Services cl\u00e9s<\/b><\/p>\n<p>Villeray, comme de nombreux quartiers de Montr\u00e9al, offre \u00e0 ses r\u00e9sidents l&rsquo;acc\u00e8s \u00e0 une large gamme de commodit\u00e9s et de services, rendant la vie quotidienne pratique et agr\u00e9able. Le quartier abrite de nombreuses \u00e9piceries, notamment des march\u00e9s proposant des produits frais et des sp\u00e9cialit\u00e9s. Avec ses nombreux commerces de proximit\u00e9, vous n&rsquo;aurez aucun mal \u00e0 trouver tout ce dont vous avez besoin \u00e0 quelques pas. De plus, la vibrante Plaza Saint-Hubert, situ\u00e9e \u00e0 la limite sud de Villeray, constitue un p\u00f4le commercial anim\u00e9 avec une gamme de boutiques, de restaurants et d&rsquo;options de divertissement.<\/p>\n<p>Les soins de sant\u00e9 sont \u00e9galement facilement accessibles dans Villeray, avec plusieurs cliniques m\u00e9dicales, pharmacies et l&rsquo;h\u00f4pital Jean-Talon moderne \u00e0 proximit\u00e9. Le quartier compte une vari\u00e9t\u00e9 d&rsquo;\u00e9tablissements d&rsquo;enseignement, allant des garderies aux \u00e9coles primaires et secondaires, ce qui en fait un excellent choix pour les familles qui s&rsquo;installent \u00e0 Montr\u00e9al.<\/p>\n<p><b>Villeray Montr\u00e9al : Espaces verts et loisirs<\/b><\/p>\n<p>L&rsquo;un des points forts de Villeray est son abondance d&rsquo;espaces verts et de possibilit\u00e9s r\u00e9cr\u00e9atives. Le parc Jarry, un magnifique joyau local situ\u00e9 \u00e0 l&rsquo;ouest du quartier, est une destination pris\u00e9e tant par les r\u00e9sidents que par les visiteurs. Il dispose de courts de tennis, d&rsquo;une grande piscine publique et de nombreux espaces ouverts pour les pique-niques et les promenades d\u00e9contract\u00e9es. Si vous \u00eates amateur de sport, vous aurez la chance de participer \u00e0 une partie amicale de football ou de volley-ball dans les espaces d\u00e9di\u00e9s du parc.<\/p>\n<p><b>Villeray Montr\u00e9al : Richesses Culturelles\u00a0<\/b><\/p>\n<p>En parcourant les rues de Villeray, vous remarquerez rapidement le flair artistique du quartier. Les peintures murales et le street art abondent, contribuant au caract\u00e8re distinctif de l\u2019arrondissement. Cette ambiance artistique est c\u00e9l\u00e9br\u00e9e chaque ann\u00e9e lors du festival annuel MURAL, o\u00f9 des artistes de rue de renom du monde entier se r\u00e9unissent pour cr\u00e9er de superbes installations d&rsquo;art urbain, transformant le quartier en une galerie en plein air.<\/p>\n<p>Pour les amateurs de culture, Villeray, comme de nombreux autres quartiers de Montr\u00e9al, dispose de plusieurs lieux pour assister \u00e0 des spectacles de musique, de th\u00e9\u00e2tre et de danse en direct. La sc\u00e8ne artistique locale anim\u00e9e assure \u00e0 ses r\u00e9sidents un flux incessant de divertissements locaux.<\/p>\n<p><b>Villeray Montr\u00e9al : D\u00e9lices Culinaires\u00a0<\/b><\/p>\n<p>Montr\u00e9al est le paradis des gourmands et Villeray ne fait pas exception. Le quartier poss\u00e8de une sc\u00e8ne culinaire diversifi\u00e9e qui met en valeur les saveurs du monde entier. Que vous ayez envie d&rsquo;un bistro fran\u00e7ais traditionnel, d&rsquo;un restaurant de sushi branch\u00e9 ou d&rsquo;une trattoria italienne chaleureuse, vous trouverez tout cela \u00e0 Villeray. Pour les gourmets s&rsquo;installant \u00e0 Montr\u00e9al, la diversit\u00e9 culinaire du quartier est un v\u00e9ritable r\u00e9gal.<\/p>\n<p><b>Villeray Montr\u00e9al : Transports et d\u00e9placements<\/b><\/p>\n<p>Des options de transport pratiques sont une consid\u00e9ration essentielle lors du choix parmi les nombreux quartiers de Montr\u00e9al. Villeray offre un excellent acc\u00e8s au syst\u00e8me de transport en commun de la ville, notamment aux services de bus et de m\u00e9tro. La station de m\u00e9tro Jarry, desservant la ligne orange, est un carrefour central qui facilite les d\u00e9placements vers diff\u00e9rents quartiers de la ville. Pour ceux qui pr\u00e9f\u00e8rent le v\u00e9lo, les pistes cyclables du quartier et la proximit\u00e9 de la c\u00e9l\u00e8bre piste cyclable Park Avenue offrent un moyen \u00e9cologique et efficace d&rsquo;explorer les environs.<\/p>\n<p><b>Villeray Montr\u00e9al : Un esprit Communautaire<\/b><\/p>\n<p>Villeray est c\u00e9l\u00e9br\u00e9e pour son fort sens de la communaut\u00e9. Les r\u00e9sidents se r\u00e9unissent souvent pour organiser des \u00e9v\u00e9nements locaux, des nettoyages de quartier et des festivals culturels. Le Festival de rue annuel de Saint-Laurent est un moment fort, attirant des gens de partout \u00e0 Montr\u00e9al avec son atmosph\u00e8re vibrante, ses spectacles et ses vendeurs de nourriture de rue.<\/p>\n<p>Les centres communautaires et les parcs du quartier sont des p\u00f4les d&rsquo;activit\u00e9s, accueillant une vari\u00e9t\u00e9 d&rsquo;\u00e9v\u00e9nements et d&rsquo;ateliers, facilitant les contacts avec vos voisins et l&rsquo;implication dans les initiatives locales.<\/p>\n<p><b>Villeray Montr\u00e9al : Un bon choix pour exp\u00e9rimenter Montr\u00e9al<\/b><\/p>\n<p><span style=\"font-weight: 400;\">Si vous envisagez de vous installer \u00e0 Montr\u00e9al, Villeray devrait sans aucun doute figurer sur votre liste de quartiers \u00e0 explorer. Son m\u00e9lange unique d&rsquo;histoire, de culture et de commodit\u00e9 en fait un choix incontournable pour les nouveaux arrivants et les Montr\u00e9alais de longue date qui souhaitent d\u00e9couvrir une communaut\u00e9 dynamique et accueillante.<\/span><\/p>\n<p><span style=\"font-weight: 400;\">Avec ses diverses options de logement, son acc\u00e8s aux commodit\u00e9s, ses possibilit\u00e9s de loisirs et sa sc\u00e8ne artistique et culinaire anim\u00e9e, Villeray offre une exp\u00e9rience de vie urbaine compl\u00e8te. Le fort sentiment d&rsquo;appartenance communautaire et la richesse culturelle du quartier ajoutent encore \u00e0 son attrait, ce qui en fait une destination attrayante pour les individus et les familles.<\/span><\/p>\n<p><span style=\"font-weight: 400;\">Lorsqu&rsquo;il s&rsquo;agit de choisir parmi les nombreux quartiers de Montr\u00e9al, le m\u00e9lange de tradition et de modernit\u00e9, la vie de rue anim\u00e9e et l&rsquo;atmosph\u00e8re inclusive de Villeray en font un choix judicieux pour ceux qui se lancent dans leur voyage montr\u00e9alais. Alors que vous envisagez de d\u00e9m\u00e9nager \u00e0 Montr\u00e9al, assurez-vous d&rsquo;accorder \u00e0 Villeray l&rsquo;attention qu&rsquo;elle m\u00e9rite : elle pourrait bien devenir votre nouveau chez-soi dans cette belle ville canadienne.<\/span><\/p>\n<h2>Lectures suppl\u00e9mentaires<\/h2>\n<p>Pour en savoir plus sur le logement, les quartiers et l&rsquo;immobilier dans la belle ville de Montr\u00e9al, jetez un \u0153il \u00e0 certains de ces autres articles approfondis.<\/p>\n<ul>\n<li><a target=\"_blank\" href=\"https:\/\/ariannerelocation.com\/canadian-relocation-services-how-we-can-help\/\"><strong>How we can help<\/strong><\/a><\/li>\n<li><a target=\"_blank\" href=\"https:\/\/ariannerelocation.com\/new-city\/montreal\/\"><strong>Online Relocation Guide for Montreal<\/strong><\/a><\/li>\n<li><strong><a target=\"_blank\" href=\"https:\/\/ariannerelocation.com\/les-arrondissements-de-montreal\/\">Boroughs of Montreal<\/a><\/strong><\/li>\n<li><strong><a target=\"_blank\" href=\"https:\/\/ariannerelocation.com\/french-and-english-neighbourhoods-of-montreal\/\">French and English speaking neighbourhoods of Montreal\u00a0<\/a><\/strong><\/li>\n<\/ul>\n<p>CR\u00c9DIT PHOTO : ARIANNE Relocation Canada<\/p>\n<\/div><div class=\"fusion-clearfix\"><\/div><\/div><\/div><\/div><\/div>\n","protected":false},"excerpt":{"rendered":"","protected":false},"author":6,"featured_media":20518,"comment_status":"open","ping_status":"open","sticky":false,"template":"","format":"standard","meta":{"_acf_changed":false,"pmpro_default_level":"","footnotes":""},"categories":[42,54],"tags":[6454,6455,6459],"class_list":["post-20541","post","type-post","status-publish","format-standard","has-post-thumbnail","hentry","category-montreal-quebec-fr","category-style-de-vie","tag-housing-fr","tag-montreal-fr","tag-real-estate-fr","pmpro-has-access"],"acf":[],"yoast_head":"<!-- This site is optimized with the Yoast SEO plugin v27.5 - https:\/\/yoast.com\/product\/yoast-seo-wordpress\/ -->\n<title>S&#039;installer \u00e0 Montr\u00e9al : Tout ce que vous devez savoir sur Villeray - ARIANNE Relocalisation<\/title>\n<meta name=\"description\" content=\"Scheduled to open between 2021-23, the REM train is going to change the landscape of public transportation in Montreal, and the real estate market too.\" \/>\n<meta name=\"robots\" content=\"index, follow, max-snippet:-1, max-image-preview:large, max-video-preview:-1\" \/>\n<link rel=\"canonical\" href=\"https:\/\/www.ariannerelocation.com\/fr\/villeray\/\" \/>\n<meta property=\"og:locale\" content=\"fr_FR\" \/>\n<meta property=\"og:type\" content=\"article\" \/>\n<meta property=\"og:title\" content=\"S&#039;installer \u00e0 Montr\u00e9al : Tout ce que vous devez savoir sur Villeray - ARIANNE Relocalisation\" \/>\n<meta property=\"og:description\" content=\"Scheduled to open between 2021-23, the REM train is going to change the landscape of public transportation in Montreal, and the real estate market too.\" \/>\n<meta property=\"og:url\" content=\"https:\/\/www.ariannerelocation.com\/fr\/villeray\/\" \/>\n<meta property=\"og:site_name\" content=\"ARIANNE Relocalisation\" \/>\n<meta property=\"article:publisher\" content=\"https:\/\/www.facebook.com\/ariannerelocation\/\" \/>\n<meta property=\"article:published_time\" content=\"2023-11-01T15:50:33+00:00\" \/>\n<meta property=\"article:modified_time\" content=\"2023-11-06T19:11:50+00:00\" \/>\n<meta property=\"og:image\" content=\"https:\/\/www.ariannerelocation.com\/wp-content\/uploads\/2023\/11\/Villeray-Montreal-1024x731.jpeg\" \/>\n\t<meta property=\"og:image:width\" content=\"1024\" \/>\n\t<meta property=\"og:image:height\" content=\"731\" \/>\n\t<meta property=\"og:image:type\" content=\"image\/jpeg\" \/>\n<meta name=\"author\" content=\"Manon Dumas\" \/>\n<meta name=\"twitter:card\" content=\"summary_large_image\" \/>\n<meta name=\"twitter:label1\" content=\"\u00c9crit par\" \/>\n\t<meta name=\"twitter:data1\" content=\"Manon Dumas\" \/>\n\t<meta name=\"twitter:label2\" content=\"Dur\u00e9e de lecture estim\u00e9e\" \/>\n\t<meta name=\"twitter:data2\" content=\"6 minutes\" \/>\n<script type=\"application\/ld+json\" class=\"yoast-schema-graph\">{\"@context\":\"https:\\\/\\\/schema.org\",\"@graph\":[{\"@type\":\"Article\",\"@id\":\"https:\\\/\\\/www.ariannerelocation.com\\\/fr\\\/villeray\\\/#article\",\"isPartOf\":{\"@id\":\"https:\\\/\\\/www.ariannerelocation.com\\\/fr\\\/villeray\\\/\"},\"author\":{\"name\":\"Manon Dumas\",\"@id\":\"https:\\\/\\\/www.ariannerelocation.com\\\/fr\\\/#\\\/schema\\\/person\\\/9742514ae438fea64e9d1ff33296ccc8\"},\"headline\":\"S&rsquo;installer \u00e0 Montr\u00e9al : Tout ce que vous devez savoir sur Villeray\",\"datePublished\":\"2023-11-01T15:50:33+00:00\",\"dateModified\":\"2023-11-06T19:11:50+00:00\",\"mainEntityOfPage\":{\"@id\":\"https:\\\/\\\/www.ariannerelocation.com\\\/fr\\\/villeray\\\/\"},\"wordCount\":1678,\"commentCount\":0,\"image\":{\"@id\":\"https:\\\/\\\/www.ariannerelocation.com\\\/fr\\\/villeray\\\/#primaryimage\"},\"thumbnailUrl\":\"https:\\\/\\\/ariannerelocation.com\\\/wp-content\\\/uploads\\\/2023\\\/11\\\/Villeray-Montreal.jpeg\",\"keywords\":[\"housing\",\"Montreal\",\"real estate\"],\"articleSection\":[\"Montr\u00e9al\",\"Style de vie\"],\"inLanguage\":\"fr-FR\",\"potentialAction\":[{\"@type\":\"CommentAction\",\"name\":\"Comment\",\"target\":[\"https:\\\/\\\/www.ariannerelocation.com\\\/fr\\\/villeray\\\/#respond\"]}]},{\"@type\":\"WebPage\",\"@id\":\"https:\\\/\\\/www.ariannerelocation.com\\\/fr\\\/villeray\\\/\",\"url\":\"https:\\\/\\\/www.ariannerelocation.com\\\/fr\\\/villeray\\\/\",\"name\":\"S'installer \u00e0 Montr\u00e9al : Tout ce que vous devez savoir sur Villeray - ARIANNE Relocalisation\",\"isPartOf\":{\"@id\":\"https:\\\/\\\/www.ariannerelocation.com\\\/fr\\\/#website\"},\"primaryImageOfPage\":{\"@id\":\"https:\\\/\\\/www.ariannerelocation.com\\\/fr\\\/villeray\\\/#primaryimage\"},\"image\":{\"@id\":\"https:\\\/\\\/www.ariannerelocation.com\\\/fr\\\/villeray\\\/#primaryimage\"},\"thumbnailUrl\":\"https:\\\/\\\/ariannerelocation.com\\\/wp-content\\\/uploads\\\/2023\\\/11\\\/Villeray-Montreal.jpeg\",\"datePublished\":\"2023-11-01T15:50:33+00:00\",\"dateModified\":\"2023-11-06T19:11:50+00:00\",\"author\":{\"@id\":\"https:\\\/\\\/www.ariannerelocation.com\\\/fr\\\/#\\\/schema\\\/person\\\/9742514ae438fea64e9d1ff33296ccc8\"},\"description\":\"Scheduled to open between 2021-23, the REM train is going to change the landscape of public transportation in Montreal, and the real estate market too.\",\"breadcrumb\":{\"@id\":\"https:\\\/\\\/www.ariannerelocation.com\\\/fr\\\/villeray\\\/#breadcrumb\"},\"inLanguage\":\"fr-FR\",\"potentialAction\":[{\"@type\":\"ReadAction\",\"target\":[\"https:\\\/\\\/www.ariannerelocation.com\\\/fr\\\/villeray\\\/\"]}]},{\"@type\":\"ImageObject\",\"inLanguage\":\"fr-FR\",\"@id\":\"https:\\\/\\\/www.ariannerelocation.com\\\/fr\\\/villeray\\\/#primaryimage\",\"url\":\"https:\\\/\\\/ariannerelocation.com\\\/wp-content\\\/uploads\\\/2023\\\/11\\\/Villeray-Montreal.jpeg\",\"contentUrl\":\"https:\\\/\\\/ariannerelocation.com\\\/wp-content\\\/uploads\\\/2023\\\/11\\\/Villeray-Montreal.jpeg\",\"width\":2493,\"height\":1780},{\"@type\":\"BreadcrumbList\",\"@id\":\"https:\\\/\\\/www.ariannerelocation.com\\\/fr\\\/villeray\\\/#breadcrumb\",\"itemListElement\":[{\"@type\":\"ListItem\",\"position\":1,\"name\":\"Home\",\"item\":\"https:\\\/\\\/www.ariannerelocation.com\\\/fr\\\/\"},{\"@type\":\"ListItem\",\"position\":2,\"name\":\"S&#8217;installer \u00e0 Montr\u00e9al : Tout ce que vous devez savoir sur Villeray\"}]},{\"@type\":\"WebSite\",\"@id\":\"https:\\\/\\\/www.ariannerelocation.com\\\/fr\\\/#website\",\"url\":\"https:\\\/\\\/www.ariannerelocation.com\\\/fr\\\/\",\"name\":\"ARIANNE Relocalisation\",\"description\":\"Relocation guides and services for people moving to Canada\",\"potentialAction\":[{\"@type\":\"SearchAction\",\"target\":{\"@type\":\"EntryPoint\",\"urlTemplate\":\"https:\\\/\\\/www.ariannerelocation.com\\\/fr\\\/?s={search_term_string}\"},\"query-input\":{\"@type\":\"PropertyValueSpecification\",\"valueRequired\":true,\"valueName\":\"search_term_string\"}}],\"inLanguage\":\"fr-FR\"},{\"@type\":\"Person\",\"@id\":\"https:\\\/\\\/www.ariannerelocation.com\\\/fr\\\/#\\\/schema\\\/person\\\/9742514ae438fea64e9d1ff33296ccc8\",\"name\":\"Manon Dumas\",\"description\":\"Manon Dumas est la fondatrice d'ARIANNE Relocation Canada, cr\u00e9\u00e9e en 1997 pour aider les familles, les cadres et les professionnels mobiles \u00e0 l'\u00e9chelle mondiale qui s'installent \u00e0 Montr\u00e9al et partout au Canada. Forte de pr\u00e8s de trois d\u00e9cennies d'exp\u00e9rience pratique, elle conseille ses clients sur la strat\u00e9gie de logement, le choix du quartier, la scolarisation et les r\u00e9alit\u00e9s pratiques d'une installation r\u00e9ussie dans une nouvelle ville ou un nouveau pays. Son travail se situe \u00e0 la crois\u00e9e de la relocalisation et du conseil immobilier. Manon aide ses clients \u00e0 comprendre non seulement comment d\u00e9m\u00e9nager, mais aussi o\u00f9 vivre, comment \u00e9valuer les quartiers et comment prendre des d\u00e9cisions \u00e9clair\u00e9es en mati\u00e8re de logement, en fonction de leur mode de vie, de leur calendrier et de leurs objectifs \u00e0 long terme. Elle est r\u00e9put\u00e9e pour ses conseils clairs et r\u00e9fl\u00e9chis et sa connaissance approfondie du march\u00e9 immobilier et de la relocalisation au Canada. Pour toute demande de renseignements, vous pouvez la contacter \u00e0 l'adresse manon@ariannerelocation.com. _______________________________________________________________________________________________________ Manon Dumas is the founder of ARIANNE Relocation Canada, established in 1997 to support families, executives, and globally mobile professionals relocating to Montreal and across Canada. With nearly three decades of hands-on experience, she advises clients on housing strategy, neighbourhood selection, schooling, and the practical realities of settling successfully in a new city or country. Her work sits at the intersection of relocation and real estate advisory. Manon helps clients understand not only how to move, but where to live, how to evaluate neighbourhoods, and how to make informed housing decisions aligned with their lifestyle, timeline, and long-term objectives. She is known for her clear, thoughtful guidance and her deep understanding of the Canadian relocation and real estate landscape. For inquiries, she can be reached at manon@ariannerelocation.com\",\"sameAs\":[\"https:\\\/\\\/ariannerelocation.com\"],\"url\":\"https:\\\/\\\/www.ariannerelocation.com\\\/fr\\\/author\\\/manon\\\/\"}]}<\/script>\n<!-- \/ Yoast SEO plugin. -->","yoast_head_json":{"title":"S'installer \u00e0 Montr\u00e9al : Tout ce que vous devez savoir sur Villeray - ARIANNE Relocalisation","description":"Scheduled to open between 2021-23, the REM train is going to change the landscape of public transportation in Montreal, and the real estate market too.","robots":{"index":"index","follow":"follow","max-snippet":"max-snippet:-1","max-image-preview":"max-image-preview:large","max-video-preview":"max-video-preview:-1"},"canonical":"https:\/\/www.ariannerelocation.com\/fr\/villeray\/","og_locale":"fr_FR","og_type":"article","og_title":"S'installer \u00e0 Montr\u00e9al : Tout ce que vous devez savoir sur Villeray - ARIANNE Relocalisation","og_description":"Scheduled to open between 2021-23, the REM train is going to change the landscape of public transportation in Montreal, and the real estate market too.","og_url":"https:\/\/www.ariannerelocation.com\/fr\/villeray\/","og_site_name":"ARIANNE Relocalisation","article_publisher":"https:\/\/www.facebook.com\/ariannerelocation\/","article_published_time":"2023-11-01T15:50:33+00:00","article_modified_time":"2023-11-06T19:11:50+00:00","og_image":[{"width":1024,"height":731,"url":"https:\/\/www.ariannerelocation.com\/wp-content\/uploads\/2023\/11\/Villeray-Montreal-1024x731.jpeg","type":"image\/jpeg"}],"author":"Manon Dumas","twitter_card":"summary_large_image","twitter_misc":{"\u00c9crit par":"Manon Dumas","Dur\u00e9e de lecture estim\u00e9e":"6 minutes"},"schema":{"@context":"https:\/\/schema.org","@graph":[{"@type":"Article","@id":"https:\/\/www.ariannerelocation.com\/fr\/villeray\/#article","isPartOf":{"@id":"https:\/\/www.ariannerelocation.com\/fr\/villeray\/"},"author":{"name":"Manon Dumas","@id":"https:\/\/www.ariannerelocation.com\/fr\/#\/schema\/person\/9742514ae438fea64e9d1ff33296ccc8"},"headline":"S&rsquo;installer \u00e0 Montr\u00e9al : Tout ce que vous devez savoir sur Villeray","datePublished":"2023-11-01T15:50:33+00:00","dateModified":"2023-11-06T19:11:50+00:00","mainEntityOfPage":{"@id":"https:\/\/www.ariannerelocation.com\/fr\/villeray\/"},"wordCount":1678,"commentCount":0,"image":{"@id":"https:\/\/www.ariannerelocation.com\/fr\/villeray\/#primaryimage"},"thumbnailUrl":"https:\/\/ariannerelocation.com\/wp-content\/uploads\/2023\/11\/Villeray-Montreal.jpeg","keywords":["housing","Montreal","real estate"],"articleSection":["Montr\u00e9al","Style de vie"],"inLanguage":"fr-FR","potentialAction":[{"@type":"CommentAction","name":"Comment","target":["https:\/\/www.ariannerelocation.com\/fr\/villeray\/#respond"]}]},{"@type":"WebPage","@id":"https:\/\/www.ariannerelocation.com\/fr\/villeray\/","url":"https:\/\/www.ariannerelocation.com\/fr\/villeray\/","name":"S'installer \u00e0 Montr\u00e9al : Tout ce que vous devez savoir sur Villeray - ARIANNE Relocalisation","isPartOf":{"@id":"https:\/\/www.ariannerelocation.com\/fr\/#website"},"primaryImageOfPage":{"@id":"https:\/\/www.ariannerelocation.com\/fr\/villeray\/#primaryimage"},"image":{"@id":"https:\/\/www.ariannerelocation.com\/fr\/villeray\/#primaryimage"},"thumbnailUrl":"https:\/\/ariannerelocation.com\/wp-content\/uploads\/2023\/11\/Villeray-Montreal.jpeg","datePublished":"2023-11-01T15:50:33+00:00","dateModified":"2023-11-06T19:11:50+00:00","author":{"@id":"https:\/\/www.ariannerelocation.com\/fr\/#\/schema\/person\/9742514ae438fea64e9d1ff33296ccc8"},"description":"Scheduled to open between 2021-23, the REM train is going to change the landscape of public transportation in Montreal, and the real estate market too.","breadcrumb":{"@id":"https:\/\/www.ariannerelocation.com\/fr\/villeray\/#breadcrumb"},"inLanguage":"fr-FR","potentialAction":[{"@type":"ReadAction","target":["https:\/\/www.ariannerelocation.com\/fr\/villeray\/"]}]},{"@type":"ImageObject","inLanguage":"fr-FR","@id":"https:\/\/www.ariannerelocation.com\/fr\/villeray\/#primaryimage","url":"https:\/\/ariannerelocation.com\/wp-content\/uploads\/2023\/11\/Villeray-Montreal.jpeg","contentUrl":"https:\/\/ariannerelocation.com\/wp-content\/uploads\/2023\/11\/Villeray-Montreal.jpeg","width":2493,"height":1780},{"@type":"BreadcrumbList","@id":"https:\/\/www.ariannerelocation.com\/fr\/villeray\/#breadcrumb","itemListElement":[{"@type":"ListItem","position":1,"name":"Home","item":"https:\/\/www.ariannerelocation.com\/fr\/"},{"@type":"ListItem","position":2,"name":"S&#8217;installer \u00e0 Montr\u00e9al : Tout ce que vous devez savoir sur Villeray"}]},{"@type":"WebSite","@id":"https:\/\/www.ariannerelocation.com\/fr\/#website","url":"https:\/\/www.ariannerelocation.com\/fr\/","name":"ARIANNE Relocalisation","description":"Relocation guides and services for people moving to Canada","potentialAction":[{"@type":"SearchAction","target":{"@type":"EntryPoint","urlTemplate":"https:\/\/www.ariannerelocation.com\/fr\/?s={search_term_string}"},"query-input":{"@type":"PropertyValueSpecification","valueRequired":true,"valueName":"search_term_string"}}],"inLanguage":"fr-FR"},{"@type":"Person","@id":"https:\/\/www.ariannerelocation.com\/fr\/#\/schema\/person\/9742514ae438fea64e9d1ff33296ccc8","name":"Manon Dumas","description":"Manon Dumas est la fondatrice d'ARIANNE Relocation Canada, cr\u00e9\u00e9e en 1997 pour aider les familles, les cadres et les professionnels mobiles \u00e0 l'\u00e9chelle mondiale qui s'installent \u00e0 Montr\u00e9al et partout au Canada. Forte de pr\u00e8s de trois d\u00e9cennies d'exp\u00e9rience pratique, elle conseille ses clients sur la strat\u00e9gie de logement, le choix du quartier, la scolarisation et les r\u00e9alit\u00e9s pratiques d'une installation r\u00e9ussie dans une nouvelle ville ou un nouveau pays. Son travail se situe \u00e0 la crois\u00e9e de la relocalisation et du conseil immobilier. Manon aide ses clients \u00e0 comprendre non seulement comment d\u00e9m\u00e9nager, mais aussi o\u00f9 vivre, comment \u00e9valuer les quartiers et comment prendre des d\u00e9cisions \u00e9clair\u00e9es en mati\u00e8re de logement, en fonction de leur mode de vie, de leur calendrier et de leurs objectifs \u00e0 long terme. Elle est r\u00e9put\u00e9e pour ses conseils clairs et r\u00e9fl\u00e9chis et sa connaissance approfondie du march\u00e9 immobilier et de la relocalisation au Canada. Pour toute demande de renseignements, vous pouvez la contacter \u00e0 l'adresse manon@ariannerelocation.com. _______________________________________________________________________________________________________ Manon Dumas is the founder of ARIANNE Relocation Canada, established in 1997 to support families, executives, and globally mobile professionals relocating to Montreal and across Canada. With nearly three decades of hands-on experience, she advises clients on housing strategy, neighbourhood selection, schooling, and the practical realities of settling successfully in a new city or country. Her work sits at the intersection of relocation and real estate advisory. Manon helps clients understand not only how to move, but where to live, how to evaluate neighbourhoods, and how to make informed housing decisions aligned with their lifestyle, timeline, and long-term objectives. She is known for her clear, thoughtful guidance and her deep understanding of the Canadian relocation and real estate landscape. For inquiries, she can be reached at manon@ariannerelocation.com","sameAs":["https:\/\/ariannerelocation.com"],"url":"https:\/\/www.ariannerelocation.com\/fr\/author\/manon\/"}]}},"_links":{"self":[{"href":"https:\/\/www.ariannerelocation.com\/fr\/wp-json\/wp\/v2\/posts\/20541","targetHints":{"allow":["GET"]}}],"collection":[{"href":"https:\/\/www.ariannerelocation.com\/fr\/wp-json\/wp\/v2\/posts"}],"about":[{"href":"https:\/\/www.ariannerelocation.com\/fr\/wp-json\/wp\/v2\/types\/post"}],"author":[{"embeddable":true,"href":"https:\/\/www.ariannerelocation.com\/fr\/wp-json\/wp\/v2\/users\/6"}],"replies":[{"embeddable":true,"href":"https:\/\/www.ariannerelocation.com\/fr\/wp-json\/wp\/v2\/comments?post=20541"}],"version-history":[{"count":4,"href":"https:\/\/www.ariannerelocation.com\/fr\/wp-json\/wp\/v2\/posts\/20541\/revisions"}],"predecessor-version":[{"id":20585,"href":"https:\/\/www.ariannerelocation.com\/fr\/wp-json\/wp\/v2\/posts\/20541\/revisions\/20585"}],"wp:featuredmedia":[{"embeddable":true,"href":"https:\/\/www.ariannerelocation.com\/fr\/wp-json\/wp\/v2\/media\/20518"}],"wp:attachment":[{"href":"https:\/\/www.ariannerelocation.com\/fr\/wp-json\/wp\/v2\/media?parent=20541"}],"wp:term":[{"taxonomy":"category","embeddable":true,"href":"https:\/\/www.ariannerelocation.com\/fr\/wp-json\/wp\/v2\/categories?post=20541"},{"taxonomy":"post_tag","embeddable":true,"href":"https:\/\/www.ariannerelocation.com\/fr\/wp-json\/wp\/v2\/tags?post=20541"}],"curies":[{"name":"wp","href":"https:\/\/api.w.org\/{rel}","templated":true}]}}